{"id":530,"date":"2022-01-26T10:54:57","date_gmt":"2022-01-26T09:54:57","guid":{"rendered":"https:\/\/clubsierradelpinar.es\/?p=530"},"modified":"2023-01-31T11:28:42","modified_gmt":"2023-01-31T10:28:42","slug":"canal-7-7","status":"publish","type":"post","link":"https:\/\/clubsierradelpinar.es\/index.php\/2022\/01\/26\/canal-7-7\/","title":{"rendered":"Canal 7-7. Canal de Radio en Monta\u00f1a"},"content":{"rendered":"\n<h6 class=\"wp-block-heading\" id=\"con-la-idea-de-aumentar-la-seguridad-en-las-actividades-de-montana-nace-la-iniciativa-canal-7-7-la-idea-es-sencilla-llevar-una-pequena-emisora-de-radio-sintonizada-en-el-canal-7-subtono-7\">Con la idea de aumentar la seguridad en las actividades de monta\u00f1a, nace la iniciativa \u00abCanal 7-7\u00bb. La idea es sencilla: llevar una peque\u00f1a emisora de radio sintonizada en el canal 7, subtono 7.<\/h6>\n\n\n\n<h5 class=\"wp-block-heading\" id=\"comunicaciones-y-seguridad\">Comunicaciones y seguridad<\/h5>\n\n\n\n<p>Hoy d\u00eda, con el uso del tel\u00e9fono m\u00f3vil y las aplicaciones de los tel\u00e9fonos inteligentes, puede parecer anacr\u00f3nico el uso de una emisora de radio; algo para nost\u00e1lgicos o <em>frikis<\/em>. Pero, \u00bfcu\u00e1ntas veces nos hemos visto en medio del monte buscando cobertura para enviar un mensaje o una foto? \u00bfY cu\u00e1ntas veces hemos realizado una ruta solos y nos hemos preguntado \u00aby si me pasa algo aqu\u00ed, c\u00f3mo aviso a alguien si no tengo cobertura\u00bb? Ante estos casos, complementar nuestro equipo con una peque\u00f1a emisora de radio no resulta nada descabellado.<\/p>\n\n\n\n<h5 class=\"wp-block-heading\" id=\"iniciativa-canal-7-7\">Iniciativa \u00abCanal 7-7\u00bb<\/h5>\n\n\n\n<p>La Iniciativa <strong>\u00abCanal 7-7\u00bb<\/strong> nace durante el <strong>Congreso Internacional de Monta\u00f1ismo CIMA 2015<\/strong> y est\u00e1 aprobada por el <strong>Comit\u00e9 de Seguridad de la FEDME<\/strong> (Federaci\u00f3n Espa\u00f1ola de Deportes de Monta\u00f1a y Escalada).<\/p>\n\n\n\n<p>El objetivo que se persigue es que toda persona o grupo que salga a realizar alguna actividad al aire libre lleve consigo una peque\u00f1a emisora de radio (<em>walkie-talkie<\/em>) del tipo <strong>PMR446<\/strong> sintonizada en el <strong>canal 7, subtono 7<\/strong>. As\u00ed, si alguien sufre alg\u00fan tipo de percance ser\u00e1 m\u00e1s f\u00e1cil que otro que se encuentra en la misma zona reciba su llamada.<\/p>\n\n\n\n<div class=\"wp-block-image\"><figure class=\"aligncenter size-large\"><img loading=\"lazy\" decoding=\"async\" width=\"1024\" height=\"768\" src=\"https:\/\/clubsierradelpinar.es\/wp-content\/uploads\/2022\/01\/canal77pmr-1024x768.jpg\" alt=\"\" class=\"wp-image-639\" srcset=\"https:\/\/clubsierradelpinar.es\/wp-content\/uploads\/2022\/01\/canal77pmr-1024x768.jpg 1024w, https:\/\/clubsierradelpinar.es\/wp-content\/uploads\/2022\/01\/canal77pmr-300x225.jpg 300w, https:\/\/clubsierradelpinar.es\/wp-content\/uploads\/2022\/01\/canal77pmr-768x576.jpg 768w, https:\/\/clubsierradelpinar.es\/wp-content\/uploads\/2022\/01\/canal77pmr.jpg 1280w\" sizes=\"auto, (max-width: 1024px) 100vw, 1024px\" \/><\/figure><\/div>\n\n\n\n<h5 class=\"wp-block-heading\" id=\"como-operar-con-el-canal-7-7-las-tres-ces\">C\u00f3mo operar con el Canal 7-7. Las tres <em>\u00abces\u00bb.<\/em><\/h5>\n\n\n\n<p>Con objeto de no interferir las comunicaciones de los dem\u00e1s convirtiendo el canal 7-7 en un galimat\u00edas de conversaciones confusas y cruzadas, se tratar\u00e1 en todo momento de moderar y optimizar su uso. <strong>Los mensajes que transmitamos han de contemplar las tres <em>\u00abces\u00bb<\/em>: corto, claro y conciso.<\/strong><\/p>\n\n\n\n<p>En base a la situaci\u00f3n en que nos encontremos, podemos diferenciar tres modos de funcionamiento u operaci\u00f3n:<\/p>\n\n\n\n<div class=\"wp-block-media-text is-stacked-on-mobile is-vertically-aligned-center\" style=\"grid-template-columns:41% auto\"><figure class=\"wp-block-media-text__media\"><a href=\"http:\/\/www.canal77pmr.com\/\" target=\"_blank\" rel=\"noopener\"><img loading=\"lazy\" decoding=\"async\" width=\"465\" height=\"1024\" src=\"https:\/\/clubsierradelpinar.es\/wp-content\/uploads\/2022\/01\/CartelCanal77-700px-465x1024.jpg\" alt=\"\" class=\"wp-image-534 size-full\" srcset=\"https:\/\/clubsierradelpinar.es\/wp-content\/uploads\/2022\/01\/CartelCanal77-700px-465x1024.jpg 465w, https:\/\/clubsierradelpinar.es\/wp-content\/uploads\/2022\/01\/CartelCanal77-700px-136x300.jpg 136w, https:\/\/clubsierradelpinar.es\/wp-content\/uploads\/2022\/01\/CartelCanal77-700px-697x1536.jpg 697w, https:\/\/clubsierradelpinar.es\/wp-content\/uploads\/2022\/01\/CartelCanal77-700px.jpg 700w\" sizes=\"auto, (max-width: 465px) 100vw, 465px\" \/><\/a><\/figure><div class=\"wp-block-media-text__content\">\n<h6 class=\"wp-block-heading\" id=\"1-comunicacion-interna-del-grupo\">1. Comunicaci\u00f3n interna del grupo:<\/h6>\n\n\n\n<p>En el caso de que parte de un grupo se descuelgue o separe del resto por alg\u00fan motivo, utilizaremos el canal 7-7 para contactar entre ambos. Una vez establecido el contacto se acordar\u00e1 el cambio de canal para la comunicaci\u00f3n, dejando libre el canal 7-7. Finalizada \u00e9sta sintonizaremos nuevamente el canal 7-7.<sup><a href=\"#doble-escucha\">(1)<\/a><\/sup> <\/p>\n\n\n\n<h6 class=\"wp-block-heading\" id=\"2-prestar-o-recibir-ayuda\">2. Prestar o recibir ayuda:<\/h6>\n\n\n\n<p>Si se da la situaci\u00f3n de necesitar ayuda o recibimos una llamada solicit\u00e1ndola, una vez establecida la comunicaci\u00f3n acordaremos <em>saltar <\/em>a otro canal liberando de tr\u00e1fico el 7-7. Si disponemos de otra emisora o <em>walkie <\/em>lo mantendremos a la escucha en el canal 7-7 por si necesit\u00e1ramos contactar con otras personas o con alg\u00fan servicio de emergencias o rescate.<\/p>\n<\/div><\/div>\n\n\n\n<div style=\"height:26px\" aria-hidden=\"true\" class=\"wp-block-spacer\"><\/div>\n\n\n\n<h6 class=\"wp-block-heading\" id=\"3-comunicacion-directa-con-los-grupos-de-rescate\">3. Comunicaci\u00f3n directa con los grupos de rescate:<\/h6>\n\n\n\n<p>La iniciativa \u00abCanal 7-7\u00bb, adem\u00e1s del uso entre personas que realizan actividades deportivas o de ocio en la naturaleza, promueve en entidades (administraci\u00f3n p\u00fablica, empresas de turismo activo, refugios de monta\u00f1a&#8230;) y grupos de rescate el empleo de emisoras PMR446 sintonizadas en el canal 7, subtono 7. De esta forma existir\u00e1 una v\u00eda directa entre la persona o personas que hayan tenido una incidencia y el servicio que pueda prestarle la ayuda o, llegado el caso, proceder a su rescate y evacuaci\u00f3n. De la misma manera, esta v\u00eda puede ser utilizada por estas entidades para difundir informaci\u00f3n \u00fatil en la zona que operan (partes meteorol\u00f3gicos, advertencias sobre riesgos o peligros puntuales, etc.).<\/p>\n\n\n\n<h5 class=\"wp-block-heading\" id=\"consideraciones-tecnicas\">Consideraciones t\u00e9cnicas<\/h5>\n\n\n\n<p>Debido al margen de frecuencias en el que operan y la baja potencia con la que transmiten, las emisoras <strong>PMR446<\/strong> (Personal Mobile Radio, 446 MHz) no requieren de licencia para operar con ellas. Esta caracter\u00edstica y su sencillez de uso las hacen id\u00f3neas para actividades de ocio y profesionales. Igualmente son equipos muy asequibles y f\u00e1ciles de encontrar en el mercado generalista.<\/p>\n\n\n\n<p>Sin entrar en aspectos muy t\u00e9cnicos diremos que el margen de frecuencias utilizado por estos equipos se divide en diferentes canales<sup><a href=\"#pmr446-wikipedia\">(2)<\/a><\/sup>. Dentro de cada canal podemos elegir un subtono que, simplificando, viene a ser como una <em>llave <\/em>o se\u00f1al de reconocimiento entre emisor y receptor. Por lo tanto, ambos han de seleccionar mismo canal y mismo subtono para poder comunicar entre s\u00ed.<\/p>\n\n\n\n<h5 class=\"wp-block-heading\" id=\"consideraciones-finales\">Consideraciones finales<\/h5>\n\n\n\n<p>El empleo de las emisoras PMR446 y el canal 7-7 no pretende sustituir la utilidad y versatilidad que ofrecen los actuales dispositivos de telefon\u00eda m\u00f3vil. La capacidad de \u00e9stos m\u00e1s all\u00e1 de la simple llamada (mensajer\u00eda instant\u00e1nea, geolocalizaci\u00f3n, seguimiento de <em>tracks<\/em>, fotograf\u00eda&#8230;) es enorme. <strong>El canal 7-7, al no depender de ninguna red externa, lo complementa, sobre todo en aquellas situaciones en las que el tel\u00e9fono m\u00f3vil queda fuera de su red de cobertura<\/strong>.<\/p>\n\n\n\n<div class=\"wp-block-cover has-custom-content-position is-position-bottom-center\"><span aria-hidden=\"true\" class=\"wp-block-cover__gradient-background has-background-dim\"><\/span><img loading=\"lazy\" decoding=\"async\" width=\"1024\" height=\"683\" class=\"wp-block-cover__image-background wp-image-533\" alt=\"\" src=\"https:\/\/clubsierradelpinar.es\/wp-content\/uploads\/2022\/01\/mountain-radio.jpg\" data-object-fit=\"cover\" srcset=\"https:\/\/clubsierradelpinar.es\/wp-content\/uploads\/2022\/01\/mountain-radio.jpg 1024w, https:\/\/clubsierradelpinar.es\/wp-content\/uploads\/2022\/01\/mountain-radio-300x200.jpg 300w, https:\/\/clubsierradelpinar.es\/wp-content\/uploads\/2022\/01\/mountain-radio-768x512.jpg 768w, https:\/\/clubsierradelpinar.es\/wp-content\/uploads\/2022\/01\/mountain-radio-360x240.jpg 360w\" sizes=\"auto, (max-width: 1024px) 100vw, 1024px\" \/><div class=\"wp-block-cover__inner-container is-layout-flow wp-block-cover-is-layout-flow\">\n<p><strong>A pesar de que en algunas zonas su uso a\u00fan es incipiente, en otros territorios con m\u00e1s tradici\u00f3n monta\u00f1era est\u00e1 muy extendido y tanto refugios como servicios de emergencia mantienen abierta la escucha.<\/strong><\/p>\n\n\n\n<p><strong>No olvides sintonizar el canal 7-7 en tu pr\u00f3xima salida.<\/strong> <strong>Aunque no oigas nada ni a nadie, \u00fasalo.<\/strong> <strong>Llama e informa de tu actividad.<\/strong><\/p>\n<\/div><\/div>\n\n\n\n<div style=\"height:40px\" aria-hidden=\"true\" class=\"wp-block-spacer\"><\/div>\n\n\n\n<p class=\"has-text-align-right\">Luis M. Portillo<\/p>\n\n\n\n<div style=\"height:37px\" aria-hidden=\"true\" class=\"wp-block-spacer\"><\/div>\n\n\n\n<h5 class=\"wp-block-heading\" id=\"notas-y-referencias\">Notas y referencias:<\/h5>\n\n\n\n<ul class=\"wp-block-list\"><li id=\"doble-escucha\">(1) Algunos equipos <strong>PMR446<\/strong> disponen de la capacidad de <em><strong>\u00abdoble escucha\u00bb<\/strong><\/em>. Esto permite simultanear la comunicaci\u00f3n en un canal y subtono determinados manteniendo la escucha abierta en el canal 7-7.<\/li><li id=\"pmr446-wikipedia\">(2) <a href=\"https:\/\/es.wikipedia.org\/wiki\/PMR446\" target=\"_blank\" rel=\"noreferrer noopener\"><strong>PMR446<\/strong> (<em>Personal Mobile Radio, 446 MHz<\/em>) en Wikipedia<\/a>.<\/li><li><a href=\"http:\/\/www.canal77pmr.com\/\" target=\"_blank\" rel=\"noreferrer noopener nofollow\">Iniciativa Canal 7-7<\/a>.<\/li><\/ul>\n\n\n\n<p><\/p>\n","protected":false},"excerpt":{"rendered":"<p>La Iniciativa \u00abCanal 7-7\u00bb nace durante el Congreso Internacional de Monta\u00f1ismo CIMA 2015 y est\u00e1 aprobada por el Comit\u00e9 de Seguridad de la FEDME (Federaci\u00f3n Espa\u00f1ola de Deportes de Monta\u00f1a y Escalada).<br \/>\nEl objetivo que se persigue es que toda persona o grupo que salga a realizar alguna actividad al aire libre lleve consigo una peque\u00f1a emisora de radio (walkie-talkie) del tipo PMR446 sintonizada en el canal 7, subtono 7. As\u00ed, si alguien sufre alg\u00fan tipo de percance ser\u00e1 m\u00e1s f\u00e1cil que otro que se encuentra en la misma zona reciba su llamada.<\/p>\n","protected":false},"author":4,"featured_media":639,"comment_status":"open","ping_status":"open","sticky":false,"template":"","format":"standard","meta":{"footnotes":""},"categories":[43],"tags":[45,44,46],"class_list":["post-530","post","type-post","status-publish","format-standard","has-post-thumbnail","hentry","category-seguridad","tag-canal77pmr","tag-radio","tag-seguridad"],"yoast_head":"<!-- This site is optimized with the Yoast SEO plugin v27.3 - https:\/\/yoast.com\/product\/yoast-seo-wordpress\/ -->\n<title>Canal 7-7. Canal de Radio en Monta\u00f1a - Club Monta&ntilde;ero Sierra del Pinar<\/title>\n<meta name=\"description\" content=\"El uso del canal 7-7 de radio permite aumentar la seguridad de las actividades en monta\u00f1a y al aire libre.\" \/>\n<meta name=\"robots\" content=\"index, follow, max-snippet:-1, max-image-preview:large, max-video-preview:-1\" \/>\n<link rel=\"canonical\" href=\"https:\/\/clubsierradelpinar.es\/index.php\/2022\/01\/26\/canal-7-7\/\" \/>\n<meta property=\"og:locale\" content=\"es_ES\" \/>\n<meta property=\"og:type\" content=\"article\" \/>\n<meta property=\"og:title\" content=\"Canal 7-7. Canal de Radio en Monta\u00f1a\" \/>\n<meta property=\"og:description\" content=\"Con la idea de aumentar la seguridad en las actividades de monta\u00f1a, nace la iniciativa &quot;Canal 7-7&quot;. La idea es sencilla: llevar una peque\u00f1a emisora de radio sintonizada en el canal 7, subtono 7.\" \/>\n<meta property=\"og:url\" content=\"https:\/\/clubsierradelpinar.es\/index.php\/2022\/01\/26\/canal-7-7\/\" \/>\n<meta property=\"og:site_name\" content=\"Club Monta&ntilde;ero Sierra del Pinar\" \/>\n<meta property=\"article:publisher\" content=\"https:\/\/www.facebook.com\/montaneros.sierradelpinar\" \/>\n<meta property=\"article:published_time\" content=\"2022-01-26T09:54:57+00:00\" \/>\n<meta property=\"article:modified_time\" content=\"2023-01-31T10:28:42+00:00\" \/>\n<meta property=\"og:image\" content=\"https:\/\/clubsierradelpinar.es\/wp-content\/uploads\/2022\/01\/canal77pmr.jpg\" \/>\n\t<meta property=\"og:image:width\" content=\"1280\" \/>\n\t<meta property=\"og:image:height\" content=\"960\" \/>\n\t<meta property=\"og:image:type\" content=\"image\/jpeg\" \/>\n<meta name=\"author\" content=\"Luis M. Portillo\" \/>\n<meta name=\"twitter:card\" content=\"summary_large_image\" \/>\n<meta name=\"twitter:title\" content=\"Canal 7-7. Canal de Radio en Monta\u00f1a\" \/>\n<meta name=\"twitter:description\" content=\"Con la idea de aumentar la seguridad en las actividades de monta\u00f1a, nace la iniciativa &quot;Canal 7-7&quot;. La idea es sencilla: llevar una peque\u00f1a emisora de radio sintonizada en el canal 7, subtono 7.\" \/>\n<meta name=\"twitter:image\" content=\"https:\/\/clubsierradelpinar.es\/wp-content\/uploads\/2022\/01\/canal77pmr.jpg\" \/>\n<meta name=\"twitter:creator\" content=\"@sierradelpinar\" \/>\n<meta name=\"twitter:site\" content=\"@sierradelpinar\" \/>\n<meta name=\"twitter:label1\" content=\"Escrito por\" \/>\n\t<meta name=\"twitter:data1\" content=\"Luis M. Portillo\" \/>\n\t<meta name=\"twitter:label2\" content=\"Tiempo de lectura\" \/>\n\t<meta name=\"twitter:data2\" content=\"5 minutos\" \/>\n<script type=\"application\/ld+json\" class=\"yoast-schema-graph\">{\"@context\":\"https:\\\/\\\/schema.org\",\"@graph\":[{\"@type\":\"Article\",\"@id\":\"https:\\\/\\\/clubsierradelpinar.es\\\/index.php\\\/2022\\\/01\\\/26\\\/canal-7-7\\\/#article\",\"isPartOf\":{\"@id\":\"https:\\\/\\\/clubsierradelpinar.es\\\/index.php\\\/2022\\\/01\\\/26\\\/canal-7-7\\\/\"},\"author\":{\"name\":\"Luis M. Portillo\",\"@id\":\"https:\\\/\\\/clubsierradelpinar.es\\\/#\\\/schema\\\/person\\\/de62f386cdcb6dec943e2bd1a7cdd9e2\"},\"headline\":\"Canal 7-7. Canal de Radio en Monta\u00f1a\",\"datePublished\":\"2022-01-26T09:54:57+00:00\",\"dateModified\":\"2023-01-31T10:28:42+00:00\",\"mainEntityOfPage\":{\"@id\":\"https:\\\/\\\/clubsierradelpinar.es\\\/index.php\\\/2022\\\/01\\\/26\\\/canal-7-7\\\/\"},\"wordCount\":904,\"commentCount\":0,\"publisher\":{\"@id\":\"https:\\\/\\\/clubsierradelpinar.es\\\/#organization\"},\"image\":{\"@id\":\"https:\\\/\\\/clubsierradelpinar.es\\\/index.php\\\/2022\\\/01\\\/26\\\/canal-7-7\\\/#primaryimage\"},\"thumbnailUrl\":\"https:\\\/\\\/clubsierradelpinar.es\\\/wp-content\\\/uploads\\\/2022\\\/01\\\/canal77pmr.jpg\",\"keywords\":[\"Canal77PMR\",\"Radio\",\"Seguridad\"],\"articleSection\":[\"Seguridad\"],\"inLanguage\":\"es\",\"potentialAction\":[{\"@type\":\"CommentAction\",\"name\":\"Comment\",\"target\":[\"https:\\\/\\\/clubsierradelpinar.es\\\/index.php\\\/2022\\\/01\\\/26\\\/canal-7-7\\\/#respond\"]}]},{\"@type\":\"WebPage\",\"@id\":\"https:\\\/\\\/clubsierradelpinar.es\\\/index.php\\\/2022\\\/01\\\/26\\\/canal-7-7\\\/\",\"url\":\"https:\\\/\\\/clubsierradelpinar.es\\\/index.php\\\/2022\\\/01\\\/26\\\/canal-7-7\\\/\",\"name\":\"Canal 7-7. Canal de Radio en Monta\u00f1a - Club Monta&ntilde;ero Sierra del Pinar\",\"isPartOf\":{\"@id\":\"https:\\\/\\\/clubsierradelpinar.es\\\/#website\"},\"primaryImageOfPage\":{\"@id\":\"https:\\\/\\\/clubsierradelpinar.es\\\/index.php\\\/2022\\\/01\\\/26\\\/canal-7-7\\\/#primaryimage\"},\"image\":{\"@id\":\"https:\\\/\\\/clubsierradelpinar.es\\\/index.php\\\/2022\\\/01\\\/26\\\/canal-7-7\\\/#primaryimage\"},\"thumbnailUrl\":\"https:\\\/\\\/clubsierradelpinar.es\\\/wp-content\\\/uploads\\\/2022\\\/01\\\/canal77pmr.jpg\",\"datePublished\":\"2022-01-26T09:54:57+00:00\",\"dateModified\":\"2023-01-31T10:28:42+00:00\",\"description\":\"El uso del canal 7-7 de radio permite aumentar la seguridad de las actividades en monta\u00f1a y al aire libre.\",\"breadcrumb\":{\"@id\":\"https:\\\/\\\/clubsierradelpinar.es\\\/index.php\\\/2022\\\/01\\\/26\\\/canal-7-7\\\/#breadcrumb\"},\"inLanguage\":\"es\",\"potentialAction\":[{\"@type\":\"ReadAction\",\"target\":[\"https:\\\/\\\/clubsierradelpinar.es\\\/index.php\\\/2022\\\/01\\\/26\\\/canal-7-7\\\/\"]}]},{\"@type\":\"ImageObject\",\"inLanguage\":\"es\",\"@id\":\"https:\\\/\\\/clubsierradelpinar.es\\\/index.php\\\/2022\\\/01\\\/26\\\/canal-7-7\\\/#primaryimage\",\"url\":\"https:\\\/\\\/clubsierradelpinar.es\\\/wp-content\\\/uploads\\\/2022\\\/01\\\/canal77pmr.jpg\",\"contentUrl\":\"https:\\\/\\\/clubsierradelpinar.es\\\/wp-content\\\/uploads\\\/2022\\\/01\\\/canal77pmr.jpg\",\"width\":1280,\"height\":960,\"caption\":\"Emisora PMR446 sintonizada en el canal 7, subtono 7, sobre un mapa\"},{\"@type\":\"BreadcrumbList\",\"@id\":\"https:\\\/\\\/clubsierradelpinar.es\\\/index.php\\\/2022\\\/01\\\/26\\\/canal-7-7\\\/#breadcrumb\",\"itemListElement\":[{\"@type\":\"ListItem\",\"position\":1,\"name\":\"Portada\",\"item\":\"https:\\\/\\\/clubsierradelpinar.es\\\/\"},{\"@type\":\"ListItem\",\"position\":2,\"name\":\"Canal 7-7. Canal de Radio en Monta\u00f1a\"}]},{\"@type\":\"WebSite\",\"@id\":\"https:\\\/\\\/clubsierradelpinar.es\\\/#website\",\"url\":\"https:\\\/\\\/clubsierradelpinar.es\\\/\",\"name\":\"Club Monta&ntilde;ero Sierra del Pinar\",\"description\":\"Subiendo monta&ntilde;as desde 1971\",\"publisher\":{\"@id\":\"https:\\\/\\\/clubsierradelpinar.es\\\/#organization\"},\"potentialAction\":[{\"@type\":\"SearchAction\",\"target\":{\"@type\":\"EntryPoint\",\"urlTemplate\":\"https:\\\/\\\/clubsierradelpinar.es\\\/?s={search_term_string}\"},\"query-input\":{\"@type\":\"PropertyValueSpecification\",\"valueRequired\":true,\"valueName\":\"search_term_string\"}}],\"inLanguage\":\"es\"},{\"@type\":\"Organization\",\"@id\":\"https:\\\/\\\/clubsierradelpinar.es\\\/#organization\",\"name\":\"Club Monta\u00f1ero Sierra del Pinar\",\"url\":\"https:\\\/\\\/clubsierradelpinar.es\\\/\",\"logo\":{\"@type\":\"ImageObject\",\"inLanguage\":\"es\",\"@id\":\"https:\\\/\\\/clubsierradelpinar.es\\\/#\\\/schema\\\/logo\\\/image\\\/\",\"url\":\"https:\\\/\\\/clubsierradelpinar.es\\\/wp-content\\\/uploads\\\/2021\\\/11\\\/cropped-logo.png\",\"contentUrl\":\"https:\\\/\\\/clubsierradelpinar.es\\\/wp-content\\\/uploads\\\/2021\\\/11\\\/cropped-logo.png\",\"width\":512,\"height\":512,\"caption\":\"Club Monta\u00f1ero Sierra del Pinar\"},\"image\":{\"@id\":\"https:\\\/\\\/clubsierradelpinar.es\\\/#\\\/schema\\\/logo\\\/image\\\/\"},\"sameAs\":[\"https:\\\/\\\/www.facebook.com\\\/montaneros.sierradelpinar\",\"https:\\\/\\\/x.com\\\/sierradelpinar\",\"https:\\\/\\\/www.instagram.com\\\/sierradelpinar\\\/\"]},{\"@type\":\"Person\",\"@id\":\"https:\\\/\\\/clubsierradelpinar.es\\\/#\\\/schema\\\/person\\\/de62f386cdcb6dec943e2bd1a7cdd9e2\",\"name\":\"Luis M. Portillo\",\"image\":{\"@type\":\"ImageObject\",\"inLanguage\":\"es\",\"@id\":\"https:\\\/\\\/secure.gravatar.com\\\/avatar\\\/3cd94da52c0daffd1f7144123ec0455233a5d6e975a5ee17933102af31090f3e?s=96&d=mm&r=g\",\"url\":\"https:\\\/\\\/secure.gravatar.com\\\/avatar\\\/3cd94da52c0daffd1f7144123ec0455233a5d6e975a5ee17933102af31090f3e?s=96&d=mm&r=g\",\"contentUrl\":\"https:\\\/\\\/secure.gravatar.com\\\/avatar\\\/3cd94da52c0daffd1f7144123ec0455233a5d6e975a5ee17933102af31090f3e?s=96&d=mm&r=g\",\"caption\":\"Luis M. Portillo\"},\"url\":\"https:\\\/\\\/clubsierradelpinar.es\\\/index.php\\\/author\\\/luismipebe\\\/\"}]}<\/script>\n<!-- \/ Yoast SEO plugin. -->","yoast_head_json":{"title":"Canal 7-7. Canal de Radio en Monta\u00f1a - Club Monta&ntilde;ero Sierra del Pinar","description":"El uso del canal 7-7 de radio permite aumentar la seguridad de las actividades en monta\u00f1a y al aire libre.","robots":{"index":"index","follow":"follow","max-snippet":"max-snippet:-1","max-image-preview":"max-image-preview:large","max-video-preview":"max-video-preview:-1"},"canonical":"https:\/\/clubsierradelpinar.es\/index.php\/2022\/01\/26\/canal-7-7\/","og_locale":"es_ES","og_type":"article","og_title":"Canal 7-7. Canal de Radio en Monta\u00f1a","og_description":"Con la idea de aumentar la seguridad en las actividades de monta\u00f1a, nace la iniciativa \"Canal 7-7\". La idea es sencilla: llevar una peque\u00f1a emisora de radio sintonizada en el canal 7, subtono 7.","og_url":"https:\/\/clubsierradelpinar.es\/index.php\/2022\/01\/26\/canal-7-7\/","og_site_name":"Club Monta&ntilde;ero Sierra del Pinar","article_publisher":"https:\/\/www.facebook.com\/montaneros.sierradelpinar","article_published_time":"2022-01-26T09:54:57+00:00","article_modified_time":"2023-01-31T10:28:42+00:00","og_image":[{"width":1280,"height":960,"url":"https:\/\/clubsierradelpinar.es\/wp-content\/uploads\/2022\/01\/canal77pmr.jpg","type":"image\/jpeg"}],"author":"Luis M. Portillo","twitter_card":"summary_large_image","twitter_title":"Canal 7-7. Canal de Radio en Monta\u00f1a","twitter_description":"Con la idea de aumentar la seguridad en las actividades de monta\u00f1a, nace la iniciativa \"Canal 7-7\". La idea es sencilla: llevar una peque\u00f1a emisora de radio sintonizada en el canal 7, subtono 7.","twitter_image":"https:\/\/clubsierradelpinar.es\/wp-content\/uploads\/2022\/01\/canal77pmr.jpg","twitter_creator":"@sierradelpinar","twitter_site":"@sierradelpinar","twitter_misc":{"Escrito por":"Luis M. Portillo","Tiempo de lectura":"5 minutos"},"schema":{"@context":"https:\/\/schema.org","@graph":[{"@type":"Article","@id":"https:\/\/clubsierradelpinar.es\/index.php\/2022\/01\/26\/canal-7-7\/#article","isPartOf":{"@id":"https:\/\/clubsierradelpinar.es\/index.php\/2022\/01\/26\/canal-7-7\/"},"author":{"name":"Luis M. Portillo","@id":"https:\/\/clubsierradelpinar.es\/#\/schema\/person\/de62f386cdcb6dec943e2bd1a7cdd9e2"},"headline":"Canal 7-7. Canal de Radio en Monta\u00f1a","datePublished":"2022-01-26T09:54:57+00:00","dateModified":"2023-01-31T10:28:42+00:00","mainEntityOfPage":{"@id":"https:\/\/clubsierradelpinar.es\/index.php\/2022\/01\/26\/canal-7-7\/"},"wordCount":904,"commentCount":0,"publisher":{"@id":"https:\/\/clubsierradelpinar.es\/#organization"},"image":{"@id":"https:\/\/clubsierradelpinar.es\/index.php\/2022\/01\/26\/canal-7-7\/#primaryimage"},"thumbnailUrl":"https:\/\/clubsierradelpinar.es\/wp-content\/uploads\/2022\/01\/canal77pmr.jpg","keywords":["Canal77PMR","Radio","Seguridad"],"articleSection":["Seguridad"],"inLanguage":"es","potentialAction":[{"@type":"CommentAction","name":"Comment","target":["https:\/\/clubsierradelpinar.es\/index.php\/2022\/01\/26\/canal-7-7\/#respond"]}]},{"@type":"WebPage","@id":"https:\/\/clubsierradelpinar.es\/index.php\/2022\/01\/26\/canal-7-7\/","url":"https:\/\/clubsierradelpinar.es\/index.php\/2022\/01\/26\/canal-7-7\/","name":"Canal 7-7. Canal de Radio en Monta\u00f1a - Club Monta&ntilde;ero Sierra del Pinar","isPartOf":{"@id":"https:\/\/clubsierradelpinar.es\/#website"},"primaryImageOfPage":{"@id":"https:\/\/clubsierradelpinar.es\/index.php\/2022\/01\/26\/canal-7-7\/#primaryimage"},"image":{"@id":"https:\/\/clubsierradelpinar.es\/index.php\/2022\/01\/26\/canal-7-7\/#primaryimage"},"thumbnailUrl":"https:\/\/clubsierradelpinar.es\/wp-content\/uploads\/2022\/01\/canal77pmr.jpg","datePublished":"2022-01-26T09:54:57+00:00","dateModified":"2023-01-31T10:28:42+00:00","description":"El uso del canal 7-7 de radio permite aumentar la seguridad de las actividades en monta\u00f1a y al aire libre.","breadcrumb":{"@id":"https:\/\/clubsierradelpinar.es\/index.php\/2022\/01\/26\/canal-7-7\/#breadcrumb"},"inLanguage":"es","potentialAction":[{"@type":"ReadAction","target":["https:\/\/clubsierradelpinar.es\/index.php\/2022\/01\/26\/canal-7-7\/"]}]},{"@type":"ImageObject","inLanguage":"es","@id":"https:\/\/clubsierradelpinar.es\/index.php\/2022\/01\/26\/canal-7-7\/#primaryimage","url":"https:\/\/clubsierradelpinar.es\/wp-content\/uploads\/2022\/01\/canal77pmr.jpg","contentUrl":"https:\/\/clubsierradelpinar.es\/wp-content\/uploads\/2022\/01\/canal77pmr.jpg","width":1280,"height":960,"caption":"Emisora PMR446 sintonizada en el canal 7, subtono 7, sobre un mapa"},{"@type":"BreadcrumbList","@id":"https:\/\/clubsierradelpinar.es\/index.php\/2022\/01\/26\/canal-7-7\/#breadcrumb","itemListElement":[{"@type":"ListItem","position":1,"name":"Portada","item":"https:\/\/clubsierradelpinar.es\/"},{"@type":"ListItem","position":2,"name":"Canal 7-7. Canal de Radio en Monta\u00f1a"}]},{"@type":"WebSite","@id":"https:\/\/clubsierradelpinar.es\/#website","url":"https:\/\/clubsierradelpinar.es\/","name":"Club Monta&ntilde;ero Sierra del Pinar","description":"Subiendo monta&ntilde;as desde 1971","publisher":{"@id":"https:\/\/clubsierradelpinar.es\/#organization"},"potentialAction":[{"@type":"SearchAction","target":{"@type":"EntryPoint","urlTemplate":"https:\/\/clubsierradelpinar.es\/?s={search_term_string}"},"query-input":{"@type":"PropertyValueSpecification","valueRequired":true,"valueName":"search_term_string"}}],"inLanguage":"es"},{"@type":"Organization","@id":"https:\/\/clubsierradelpinar.es\/#organization","name":"Club Monta\u00f1ero Sierra del Pinar","url":"https:\/\/clubsierradelpinar.es\/","logo":{"@type":"ImageObject","inLanguage":"es","@id":"https:\/\/clubsierradelpinar.es\/#\/schema\/logo\/image\/","url":"https:\/\/clubsierradelpinar.es\/wp-content\/uploads\/2021\/11\/cropped-logo.png","contentUrl":"https:\/\/clubsierradelpinar.es\/wp-content\/uploads\/2021\/11\/cropped-logo.png","width":512,"height":512,"caption":"Club Monta\u00f1ero Sierra del Pinar"},"image":{"@id":"https:\/\/clubsierradelpinar.es\/#\/schema\/logo\/image\/"},"sameAs":["https:\/\/www.facebook.com\/montaneros.sierradelpinar","https:\/\/x.com\/sierradelpinar","https:\/\/www.instagram.com\/sierradelpinar\/"]},{"@type":"Person","@id":"https:\/\/clubsierradelpinar.es\/#\/schema\/person\/de62f386cdcb6dec943e2bd1a7cdd9e2","name":"Luis M. Portillo","image":{"@type":"ImageObject","inLanguage":"es","@id":"https:\/\/secure.gravatar.com\/avatar\/3cd94da52c0daffd1f7144123ec0455233a5d6e975a5ee17933102af31090f3e?s=96&d=mm&r=g","url":"https:\/\/secure.gravatar.com\/avatar\/3cd94da52c0daffd1f7144123ec0455233a5d6e975a5ee17933102af31090f3e?s=96&d=mm&r=g","contentUrl":"https:\/\/secure.gravatar.com\/avatar\/3cd94da52c0daffd1f7144123ec0455233a5d6e975a5ee17933102af31090f3e?s=96&d=mm&r=g","caption":"Luis M. Portillo"},"url":"https:\/\/clubsierradelpinar.es\/index.php\/author\/luismipebe\/"}]}},"_links":{"self":[{"href":"https:\/\/clubsierradelpinar.es\/index.php\/wp-json\/wp\/v2\/posts\/530","targetHints":{"allow":["GET"]}}],"collection":[{"href":"https:\/\/clubsierradelpinar.es\/index.php\/wp-json\/wp\/v2\/posts"}],"about":[{"href":"https:\/\/clubsierradelpinar.es\/index.php\/wp-json\/wp\/v2\/types\/post"}],"author":[{"embeddable":true,"href":"https:\/\/clubsierradelpinar.es\/index.php\/wp-json\/wp\/v2\/users\/4"}],"replies":[{"embeddable":true,"href":"https:\/\/clubsierradelpinar.es\/index.php\/wp-json\/wp\/v2\/comments?post=530"}],"version-history":[{"count":47,"href":"https:\/\/clubsierradelpinar.es\/index.php\/wp-json\/wp\/v2\/posts\/530\/revisions"}],"predecessor-version":[{"id":754,"href":"https:\/\/clubsierradelpinar.es\/index.php\/wp-json\/wp\/v2\/posts\/530\/revisions\/754"}],"wp:featuredmedia":[{"embeddable":true,"href":"https:\/\/clubsierradelpinar.es\/index.php\/wp-json\/wp\/v2\/media\/639"}],"wp:attachment":[{"href":"https:\/\/clubsierradelpinar.es\/index.php\/wp-json\/wp\/v2\/media?parent=530"}],"wp:term":[{"taxonomy":"category","embeddable":true,"href":"https:\/\/clubsierradelpinar.es\/index.php\/wp-json\/wp\/v2\/categories?post=530"},{"taxonomy":"post_tag","embeddable":true,"href":"https:\/\/clubsierradelpinar.es\/index.php\/wp-json\/wp\/v2\/tags?post=530"}],"curies":[{"name":"wp","href":"https:\/\/api.w.org\/{rel}","templated":true}]}}