{"id":523,"date":"2022-01-22T14:46:26","date_gmt":"2022-01-22T13:46:26","guid":{"rendered":"https:\/\/clubsierradelpinar.es\/?p=523"},"modified":"2022-01-28T19:56:02","modified_gmt":"2022-01-28T18:56:02","slug":"i-gala-provincial-del-montanismo-en-cadiz","status":"publish","type":"post","link":"https:\/\/clubsierradelpinar.es\/index.php\/2022\/01\/22\/i-gala-provincial-del-montanismo-en-cadiz\/","title":{"rendered":"I Gala Provincial del Monta\u00f1ismo en C\u00e1diz"},"content":{"rendered":"\n<p>El Centro Cultural Convento de Santo Domingo, en Alcal\u00e1 de los Gazules (C\u00e1diz) acogi\u00f3 el pasado viernes 21 de enero la<strong> 1\u00aa Gala Provincial del Monta\u00f1ismo <\/strong>de la Delegaci\u00f3n de la Federaci\u00f3n Andaluza de Deportes de Monta\u00f1a, Escalada y Senderismo (FAM), evento con el que se ha clausurado el a\u00f1o monta\u00f1ero 2021 y en el que han reconocido a las instituciones, clubes y deportistas su trayectoria y logros.<\/p>\n\n\n\n<figure class=\"wp-block-embed is-type-video is-provider-youtube wp-block-embed-youtube wp-embed-aspect-4-3 wp-has-aspect-ratio\"><div class=\"wp-block-embed__wrapper\">\n<iframe loading=\"lazy\" title=\"50 aniversario (I Gala Provincial del Monta\u00f1ismo)\" width=\"750\" height=\"563\" src=\"https:\/\/www.youtube.com\/embed\/pSRBcCaElKw?feature=oembed\" frameborder=\"0\" allow=\"accelerometer; autoplay; clipboard-write; encrypted-media; gyroscope; picture-in-picture\" allowfullscreen><\/iframe>\n<\/div><figcaption><sup>Montaje audiovisual proyectado durante el reconocimiento por el 50 aniversario del Club.<\/sup><\/figcaption><\/figure>\n\n\n\n<p>El <strong>Club Monta\u00f1ero Sierra del Pinar<\/strong> fue reconocido por su <strong>50 aniversario<\/strong>. Nuestros compa\u00f1eros Javier Rodr\u00edguez Gordillo y Chema Baurre fueron los encargados de recibir el reconocimiento de manos del delegado provincial de la FAM, Jos\u00e9 Luis Jim\u00e9nez Alcaraz. Durante la entrega del citado reconocimiento, Javier Gordillo, presidente del Club, hizo un breve esbozo de lo que han sido estos 50 a\u00f1os de monta\u00f1ismo para el primer club de monta\u00f1a en el provincia de C\u00e1diz y uno de los m\u00e1s antiguos que contin\u00faan activos a nivel auton\u00f3mico.<\/p>\n\n\n\n<figure class=\"wp-block-image size-large\"><img loading=\"lazy\" decoding=\"async\" width=\"1024\" height=\"768\" src=\"https:\/\/clubsierradelpinar.es\/wp-content\/uploads\/2022\/01\/gala-famcadiz_01-1024x768.jpg\" alt=\"Reconocimiento por el 50 aniversario\" class=\"wp-image-524\" srcset=\"https:\/\/clubsierradelpinar.es\/wp-content\/uploads\/2022\/01\/gala-famcadiz_01-1024x768.jpg 1024w, https:\/\/clubsierradelpinar.es\/wp-content\/uploads\/2022\/01\/gala-famcadiz_01-300x225.jpg 300w, https:\/\/clubsierradelpinar.es\/wp-content\/uploads\/2022\/01\/gala-famcadiz_01-768x576.jpg 768w, https:\/\/clubsierradelpinar.es\/wp-content\/uploads\/2022\/01\/gala-famcadiz_01.jpg 1280w\" sizes=\"auto, (max-width: 1024px) 100vw, 1024px\" \/><figcaption><sup>Momento del reconocimiento al Club por el 50 aniversario.<\/sup><\/figcaption><\/figure>\n\n\n\n<p>El momento m\u00e1s emotivo de la Gala fue, sin duda, el especial recuerdo para nuestro compa\u00f1ero <strong>Manuel Gil Monreal<\/strong>, el cual tristemente nos ha dejado en fecha muy reciente. Aprovechamos para agradecer a la Federaci\u00f3n este m\u00e1s que merecido homenaje.<\/p>\n\n\n\n<figure class=\"wp-block-embed is-type-video is-provider-youtube wp-block-embed-youtube wp-embed-aspect-4-3 wp-has-aspect-ratio\"><div class=\"wp-block-embed__wrapper\">\n<iframe loading=\"lazy\" title=\"Homenaje a Manuel Gil Monreal (I Gala Provincial del Monta\u00f1ismo)\" width=\"750\" height=\"563\" src=\"https:\/\/www.youtube.com\/embed\/J3IWZSAB3_A?feature=oembed\" frameborder=\"0\" allow=\"accelerometer; autoplay; clipboard-write; encrypted-media; gyroscope; picture-in-picture\" allowfullscreen><\/iframe>\n<\/div><figcaption><sup>V\u00eddeo en homenaje a Manuel Gil Monreal proyectado durante la Gala.<\/sup><\/figcaption><\/figure>\n","protected":false},"excerpt":{"rendered":"<p>El Centro Cultural Convento de Santo Domingo, en Alcal\u00e1 de los Gazules (C\u00e1diz) acogi\u00f3 el pasado viernes 21 de enero la 1\u00aa Gala Provincial del Monta\u00f1ismo de la Delegaci\u00f3n de la Federaci\u00f3n Andaluza de Deportes de Monta\u00f1a, Escalada y Senderismo (FAM), evento con el que se ha clausurado el a\u00f1o monta\u00f1ero 2021 y en el que han reconocido a las instituciones, clubes y deportistas su trayectoria y logros.<\/p>\n","protected":false},"author":2,"featured_media":529,"comment_status":"open","ping_status":"open","sticky":false,"template":"","format":"standard","meta":{"footnotes":""},"categories":[25],"tags":[26,30],"class_list":["post-523","post","type-post","status-publish","format-standard","has-post-thumbnail","hentry","category-actos","tag-aniversario","tag-celebracion"],"yoast_head":"<!-- This site is optimized with the Yoast SEO plugin v27.3 - https:\/\/yoast.com\/product\/yoast-seo-wordpress\/ -->\n<title>I Gala Provincial del Monta\u00f1ismo en C\u00e1diz - Club Monta&ntilde;ero Sierra del Pinar<\/title>\n<meta name=\"robots\" content=\"index, follow, max-snippet:-1, max-image-preview:large, max-video-preview:-1\" \/>\n<link rel=\"canonical\" href=\"https:\/\/clubsierradelpinar.es\/index.php\/2022\/01\/22\/i-gala-provincial-del-montanismo-en-cadiz\/\" \/>\n<meta property=\"og:locale\" content=\"es_ES\" \/>\n<meta property=\"og:type\" content=\"article\" \/>\n<meta property=\"og:title\" content=\"I Gala Provincial del Monta\u00f1ismo en C\u00e1diz\" \/>\n<meta property=\"og:description\" content=\"El Centro Cultural Convento de Santo Domingo, en Alcal\u00e1 de los Gazules (C\u00e1diz) acogi\u00f3 el pasado viernes 21 de enero la 1\u00aa Gala Provincial del Monta\u00f1ismo de la Delegaci\u00f3n de la Federaci\u00f3n Andaluza de Deportes de Monta\u00f1a, Escalada y Senderismo (FAM), evento con el que se ha clausurado el a\u00f1o monta\u00f1ero 2021 y en el que han reconocido a las instituciones, clubes y deportistas su trayectoria y logros.\" \/>\n<meta property=\"og:url\" content=\"https:\/\/clubsierradelpinar.es\/index.php\/2022\/01\/22\/i-gala-provincial-del-montanismo-en-cadiz\/\" \/>\n<meta property=\"og:site_name\" content=\"Club Monta&ntilde;ero Sierra del Pinar\" \/>\n<meta property=\"article:publisher\" content=\"https:\/\/www.facebook.com\/montaneros.sierradelpinar\" \/>\n<meta property=\"article:author\" content=\"https:\/\/www.facebook.com\/montaneros.sierradelpinar\/\" \/>\n<meta property=\"article:published_time\" content=\"2022-01-22T13:46:26+00:00\" \/>\n<meta property=\"article:modified_time\" content=\"2022-01-28T18:56:02+00:00\" \/>\n<meta property=\"og:image\" content=\"https:\/\/clubsierradelpinar.es\/wp-content\/uploads\/2022\/01\/gala-famcadiz_01.jpg\" \/>\n\t<meta property=\"og:image:width\" content=\"1280\" \/>\n\t<meta property=\"og:image:height\" content=\"960\" \/>\n\t<meta property=\"og:image:type\" content=\"image\/jpeg\" \/>\n<meta name=\"author\" content=\"Club Monta\u00f1ero Sierra del Pinar\" \/>\n<meta name=\"twitter:card\" content=\"summary_large_image\" \/>\n<meta name=\"twitter:title\" content=\"I Gala Provincial del Monta\u00f1ismo en C\u00e1diz\" \/>\n<meta name=\"twitter:description\" content=\"ta\u00f1ero Sierra del Pinar fue reconocido por su 50 aniversario. Nuestros compa\u00f1eros Javier Gordillo y Chema Baurre fueron los encargados de recibir el reconocimiento de manos del delegado provincial de la FAM, Jos\u00e9 Luis Jim\u00e9nez Alcaraz. Durante la entrega del citado reconocimiento, Javier Gordillo, presidente del Club, hizo un breve esbozo de lo que han sido estos 50 a\u00f1os de monta\u00f1ismo para el primer club de monta\u00f1a en el provincia de C\u00e1diz y uno de los m\u00e1s antiguos que contin\u00faan activos a nivel auton\u00f3mico.\" \/>\n<meta name=\"twitter:image\" content=\"https:\/\/clubsierradelpinar.es\/wp-content\/uploads\/2022\/01\/gala-famcadiz_01.jpg\" \/>\n<meta name=\"twitter:creator\" content=\"@sierradelpinar\" \/>\n<meta name=\"twitter:site\" content=\"@sierradelpinar\" \/>\n<meta name=\"twitter:label1\" content=\"Escrito por\" \/>\n\t<meta name=\"twitter:data1\" content=\"Club Monta\u00f1ero Sierra del Pinar\" \/>\n\t<meta name=\"twitter:label2\" content=\"Tiempo de lectura\" \/>\n\t<meta name=\"twitter:data2\" content=\"2 minutos\" \/>\n<script type=\"application\/ld+json\" class=\"yoast-schema-graph\">{\"@context\":\"https:\\\/\\\/schema.org\",\"@graph\":[{\"@type\":\"Article\",\"@id\":\"https:\\\/\\\/clubsierradelpinar.es\\\/index.php\\\/2022\\\/01\\\/22\\\/i-gala-provincial-del-montanismo-en-cadiz\\\/#article\",\"isPartOf\":{\"@id\":\"https:\\\/\\\/clubsierradelpinar.es\\\/index.php\\\/2022\\\/01\\\/22\\\/i-gala-provincial-del-montanismo-en-cadiz\\\/\"},\"author\":{\"name\":\"Club Monta\u00f1ero Sierra del Pinar\",\"@id\":\"https:\\\/\\\/clubsierradelpinar.es\\\/#\\\/schema\\\/person\\\/b97c28bad1e5ab53603e57141f123c13\"},\"headline\":\"I Gala Provincial del Monta\u00f1ismo en C\u00e1diz\",\"datePublished\":\"2022-01-22T13:46:26+00:00\",\"dateModified\":\"2022-01-28T18:56:02+00:00\",\"mainEntityOfPage\":{\"@id\":\"https:\\\/\\\/clubsierradelpinar.es\\\/index.php\\\/2022\\\/01\\\/22\\\/i-gala-provincial-del-montanismo-en-cadiz\\\/\"},\"wordCount\":268,\"commentCount\":0,\"publisher\":{\"@id\":\"https:\\\/\\\/clubsierradelpinar.es\\\/#organization\"},\"image\":{\"@id\":\"https:\\\/\\\/clubsierradelpinar.es\\\/index.php\\\/2022\\\/01\\\/22\\\/i-gala-provincial-del-montanismo-en-cadiz\\\/#primaryimage\"},\"thumbnailUrl\":\"https:\\\/\\\/clubsierradelpinar.es\\\/wp-content\\\/uploads\\\/2022\\\/01\\\/gala-famcadiz_01-1-e1642859115339.jpg\",\"keywords\":[\"Aniversario\",\"Celebraci\u00f3n\"],\"articleSection\":[\"Actos\"],\"inLanguage\":\"es\",\"potentialAction\":[{\"@type\":\"CommentAction\",\"name\":\"Comment\",\"target\":[\"https:\\\/\\\/clubsierradelpinar.es\\\/index.php\\\/2022\\\/01\\\/22\\\/i-gala-provincial-del-montanismo-en-cadiz\\\/#respond\"]}]},{\"@type\":\"WebPage\",\"@id\":\"https:\\\/\\\/clubsierradelpinar.es\\\/index.php\\\/2022\\\/01\\\/22\\\/i-gala-provincial-del-montanismo-en-cadiz\\\/\",\"url\":\"https:\\\/\\\/clubsierradelpinar.es\\\/index.php\\\/2022\\\/01\\\/22\\\/i-gala-provincial-del-montanismo-en-cadiz\\\/\",\"name\":\"I Gala Provincial del Monta\u00f1ismo en C\u00e1diz - Club Monta&ntilde;ero Sierra del Pinar\",\"isPartOf\":{\"@id\":\"https:\\\/\\\/clubsierradelpinar.es\\\/#website\"},\"primaryImageOfPage\":{\"@id\":\"https:\\\/\\\/clubsierradelpinar.es\\\/index.php\\\/2022\\\/01\\\/22\\\/i-gala-provincial-del-montanismo-en-cadiz\\\/#primaryimage\"},\"image\":{\"@id\":\"https:\\\/\\\/clubsierradelpinar.es\\\/index.php\\\/2022\\\/01\\\/22\\\/i-gala-provincial-del-montanismo-en-cadiz\\\/#primaryimage\"},\"thumbnailUrl\":\"https:\\\/\\\/clubsierradelpinar.es\\\/wp-content\\\/uploads\\\/2022\\\/01\\\/gala-famcadiz_01-1-e1642859115339.jpg\",\"datePublished\":\"2022-01-22T13:46:26+00:00\",\"dateModified\":\"2022-01-28T18:56:02+00:00\",\"breadcrumb\":{\"@id\":\"https:\\\/\\\/clubsierradelpinar.es\\\/index.php\\\/2022\\\/01\\\/22\\\/i-gala-provincial-del-montanismo-en-cadiz\\\/#breadcrumb\"},\"inLanguage\":\"es\",\"potentialAction\":[{\"@type\":\"ReadAction\",\"target\":[\"https:\\\/\\\/clubsierradelpinar.es\\\/index.php\\\/2022\\\/01\\\/22\\\/i-gala-provincial-del-montanismo-en-cadiz\\\/\"]}]},{\"@type\":\"ImageObject\",\"inLanguage\":\"es\",\"@id\":\"https:\\\/\\\/clubsierradelpinar.es\\\/index.php\\\/2022\\\/01\\\/22\\\/i-gala-provincial-del-montanismo-en-cadiz\\\/#primaryimage\",\"url\":\"https:\\\/\\\/clubsierradelpinar.es\\\/wp-content\\\/uploads\\\/2022\\\/01\\\/gala-famcadiz_01-1-e1642859115339.jpg\",\"contentUrl\":\"https:\\\/\\\/clubsierradelpinar.es\\\/wp-content\\\/uploads\\\/2022\\\/01\\\/gala-famcadiz_01-1-e1642859115339.jpg\",\"width\":1280,\"height\":595},{\"@type\":\"BreadcrumbList\",\"@id\":\"https:\\\/\\\/clubsierradelpinar.es\\\/index.php\\\/2022\\\/01\\\/22\\\/i-gala-provincial-del-montanismo-en-cadiz\\\/#breadcrumb\",\"itemListElement\":[{\"@type\":\"ListItem\",\"position\":1,\"name\":\"Portada\",\"item\":\"https:\\\/\\\/clubsierradelpinar.es\\\/\"},{\"@type\":\"ListItem\",\"position\":2,\"name\":\"I Gala Provincial del Monta\u00f1ismo en C\u00e1diz\"}]},{\"@type\":\"WebSite\",\"@id\":\"https:\\\/\\\/clubsierradelpinar.es\\\/#website\",\"url\":\"https:\\\/\\\/clubsierradelpinar.es\\\/\",\"name\":\"Club Monta&ntilde;ero Sierra del Pinar\",\"description\":\"Subiendo monta&ntilde;as desde 1971\",\"publisher\":{\"@id\":\"https:\\\/\\\/clubsierradelpinar.es\\\/#organization\"},\"potentialAction\":[{\"@type\":\"SearchAction\",\"target\":{\"@type\":\"EntryPoint\",\"urlTemplate\":\"https:\\\/\\\/clubsierradelpinar.es\\\/?s={search_term_string}\"},\"query-input\":{\"@type\":\"PropertyValueSpecification\",\"valueRequired\":true,\"valueName\":\"search_term_string\"}}],\"inLanguage\":\"es\"},{\"@type\":\"Organization\",\"@id\":\"https:\\\/\\\/clubsierradelpinar.es\\\/#organization\",\"name\":\"Club Monta\u00f1ero Sierra del Pinar\",\"url\":\"https:\\\/\\\/clubsierradelpinar.es\\\/\",\"logo\":{\"@type\":\"ImageObject\",\"inLanguage\":\"es\",\"@id\":\"https:\\\/\\\/clubsierradelpinar.es\\\/#\\\/schema\\\/logo\\\/image\\\/\",\"url\":\"https:\\\/\\\/clubsierradelpinar.es\\\/wp-content\\\/uploads\\\/2021\\\/11\\\/cropped-logo.png\",\"contentUrl\":\"https:\\\/\\\/clubsierradelpinar.es\\\/wp-content\\\/uploads\\\/2021\\\/11\\\/cropped-logo.png\",\"width\":512,\"height\":512,\"caption\":\"Club Monta\u00f1ero Sierra del Pinar\"},\"image\":{\"@id\":\"https:\\\/\\\/clubsierradelpinar.es\\\/#\\\/schema\\\/logo\\\/image\\\/\"},\"sameAs\":[\"https:\\\/\\\/www.facebook.com\\\/montaneros.sierradelpinar\",\"https:\\\/\\\/x.com\\\/sierradelpinar\",\"https:\\\/\\\/www.instagram.com\\\/sierradelpinar\\\/\"]},{\"@type\":\"Person\",\"@id\":\"https:\\\/\\\/clubsierradelpinar.es\\\/#\\\/schema\\\/person\\\/b97c28bad1e5ab53603e57141f123c13\",\"name\":\"Club Monta\u00f1ero Sierra del Pinar\",\"image\":{\"@type\":\"ImageObject\",\"inLanguage\":\"es\",\"@id\":\"https:\\\/\\\/secure.gravatar.com\\\/avatar\\\/662a4c1e48a4d4b2ba7d48f27859771e93c8976e8b986829cb508926aeec8feb?s=96&d=mm&r=g\",\"url\":\"https:\\\/\\\/secure.gravatar.com\\\/avatar\\\/662a4c1e48a4d4b2ba7d48f27859771e93c8976e8b986829cb508926aeec8feb?s=96&d=mm&r=g\",\"contentUrl\":\"https:\\\/\\\/secure.gravatar.com\\\/avatar\\\/662a4c1e48a4d4b2ba7d48f27859771e93c8976e8b986829cb508926aeec8feb?s=96&d=mm&r=g\",\"caption\":\"Club Monta\u00f1ero Sierra del Pinar\"},\"description\":\"Subiendo monta\u00f1as desde 1971\",\"sameAs\":[\"https:\\\/\\\/clubsierradelpinar.es\",\"https:\\\/\\\/www.facebook.com\\\/montaneros.sierradelpinar\\\/\",\"https:\\\/\\\/www.instagram.com\\\/sierradelpinar\\\/\",\"https:\\\/\\\/x.com\\\/sierradelpinar\",\"https:\\\/\\\/www.youtube.com\\\/channel\\\/UCDOkEXLUJjNkLoIrKWYv38w\"],\"url\":\"https:\\\/\\\/clubsierradelpinar.es\\\/index.php\\\/author\\\/club\\\/\"}]}<\/script>\n<!-- \/ Yoast SEO plugin. -->","yoast_head_json":{"title":"I Gala Provincial del Monta\u00f1ismo en C\u00e1diz - Club Monta&ntilde;ero Sierra del Pinar","robots":{"index":"index","follow":"follow","max-snippet":"max-snippet:-1","max-image-preview":"max-image-preview:large","max-video-preview":"max-video-preview:-1"},"canonical":"https:\/\/clubsierradelpinar.es\/index.php\/2022\/01\/22\/i-gala-provincial-del-montanismo-en-cadiz\/","og_locale":"es_ES","og_type":"article","og_title":"I Gala Provincial del Monta\u00f1ismo en C\u00e1diz","og_description":"El Centro Cultural Convento de Santo Domingo, en Alcal\u00e1 de los Gazules (C\u00e1diz) acogi\u00f3 el pasado viernes 21 de enero la 1\u00aa Gala Provincial del Monta\u00f1ismo de la Delegaci\u00f3n de la Federaci\u00f3n Andaluza de Deportes de Monta\u00f1a, Escalada y Senderismo (FAM), evento con el que se ha clausurado el a\u00f1o monta\u00f1ero 2021 y en el que han reconocido a las instituciones, clubes y deportistas su trayectoria y logros.","og_url":"https:\/\/clubsierradelpinar.es\/index.php\/2022\/01\/22\/i-gala-provincial-del-montanismo-en-cadiz\/","og_site_name":"Club Monta&ntilde;ero Sierra del Pinar","article_publisher":"https:\/\/www.facebook.com\/montaneros.sierradelpinar","article_author":"https:\/\/www.facebook.com\/montaneros.sierradelpinar\/","article_published_time":"2022-01-22T13:46:26+00:00","article_modified_time":"2022-01-28T18:56:02+00:00","og_image":[{"width":1280,"height":960,"url":"https:\/\/clubsierradelpinar.es\/wp-content\/uploads\/2022\/01\/gala-famcadiz_01.jpg","type":"image\/jpeg"}],"author":"Club Monta\u00f1ero Sierra del Pinar","twitter_card":"summary_large_image","twitter_title":"I Gala Provincial del Monta\u00f1ismo en C\u00e1diz","twitter_description":"ta\u00f1ero Sierra del Pinar fue reconocido por su 50 aniversario. Nuestros compa\u00f1eros Javier Gordillo y Chema Baurre fueron los encargados de recibir el reconocimiento de manos del delegado provincial de la FAM, Jos\u00e9 Luis Jim\u00e9nez Alcaraz. Durante la entrega del citado reconocimiento, Javier Gordillo, presidente del Club, hizo un breve esbozo de lo que han sido estos 50 a\u00f1os de monta\u00f1ismo para el primer club de monta\u00f1a en el provincia de C\u00e1diz y uno de los m\u00e1s antiguos que contin\u00faan activos a nivel auton\u00f3mico.","twitter_image":"https:\/\/clubsierradelpinar.es\/wp-content\/uploads\/2022\/01\/gala-famcadiz_01.jpg","twitter_creator":"@sierradelpinar","twitter_site":"@sierradelpinar","twitter_misc":{"Escrito por":"Club Monta\u00f1ero Sierra del Pinar","Tiempo de lectura":"2 minutos"},"schema":{"@context":"https:\/\/schema.org","@graph":[{"@type":"Article","@id":"https:\/\/clubsierradelpinar.es\/index.php\/2022\/01\/22\/i-gala-provincial-del-montanismo-en-cadiz\/#article","isPartOf":{"@id":"https:\/\/clubsierradelpinar.es\/index.php\/2022\/01\/22\/i-gala-provincial-del-montanismo-en-cadiz\/"},"author":{"name":"Club Monta\u00f1ero Sierra del Pinar","@id":"https:\/\/clubsierradelpinar.es\/#\/schema\/person\/b97c28bad1e5ab53603e57141f123c13"},"headline":"I Gala Provincial del Monta\u00f1ismo en C\u00e1diz","datePublished":"2022-01-22T13:46:26+00:00","dateModified":"2022-01-28T18:56:02+00:00","mainEntityOfPage":{"@id":"https:\/\/clubsierradelpinar.es\/index.php\/2022\/01\/22\/i-gala-provincial-del-montanismo-en-cadiz\/"},"wordCount":268,"commentCount":0,"publisher":{"@id":"https:\/\/clubsierradelpinar.es\/#organization"},"image":{"@id":"https:\/\/clubsierradelpinar.es\/index.php\/2022\/01\/22\/i-gala-provincial-del-montanismo-en-cadiz\/#primaryimage"},"thumbnailUrl":"https:\/\/clubsierradelpinar.es\/wp-content\/uploads\/2022\/01\/gala-famcadiz_01-1-e1642859115339.jpg","keywords":["Aniversario","Celebraci\u00f3n"],"articleSection":["Actos"],"inLanguage":"es","potentialAction":[{"@type":"CommentAction","name":"Comment","target":["https:\/\/clubsierradelpinar.es\/index.php\/2022\/01\/22\/i-gala-provincial-del-montanismo-en-cadiz\/#respond"]}]},{"@type":"WebPage","@id":"https:\/\/clubsierradelpinar.es\/index.php\/2022\/01\/22\/i-gala-provincial-del-montanismo-en-cadiz\/","url":"https:\/\/clubsierradelpinar.es\/index.php\/2022\/01\/22\/i-gala-provincial-del-montanismo-en-cadiz\/","name":"I Gala Provincial del Monta\u00f1ismo en C\u00e1diz - Club Monta&ntilde;ero Sierra del Pinar","isPartOf":{"@id":"https:\/\/clubsierradelpinar.es\/#website"},"primaryImageOfPage":{"@id":"https:\/\/clubsierradelpinar.es\/index.php\/2022\/01\/22\/i-gala-provincial-del-montanismo-en-cadiz\/#primaryimage"},"image":{"@id":"https:\/\/clubsierradelpinar.es\/index.php\/2022\/01\/22\/i-gala-provincial-del-montanismo-en-cadiz\/#primaryimage"},"thumbnailUrl":"https:\/\/clubsierradelpinar.es\/wp-content\/uploads\/2022\/01\/gala-famcadiz_01-1-e1642859115339.jpg","datePublished":"2022-01-22T13:46:26+00:00","dateModified":"2022-01-28T18:56:02+00:00","breadcrumb":{"@id":"https:\/\/clubsierradelpinar.es\/index.php\/2022\/01\/22\/i-gala-provincial-del-montanismo-en-cadiz\/#breadcrumb"},"inLanguage":"es","potentialAction":[{"@type":"ReadAction","target":["https:\/\/clubsierradelpinar.es\/index.php\/2022\/01\/22\/i-gala-provincial-del-montanismo-en-cadiz\/"]}]},{"@type":"ImageObject","inLanguage":"es","@id":"https:\/\/clubsierradelpinar.es\/index.php\/2022\/01\/22\/i-gala-provincial-del-montanismo-en-cadiz\/#primaryimage","url":"https:\/\/clubsierradelpinar.es\/wp-content\/uploads\/2022\/01\/gala-famcadiz_01-1-e1642859115339.jpg","contentUrl":"https:\/\/clubsierradelpinar.es\/wp-content\/uploads\/2022\/01\/gala-famcadiz_01-1-e1642859115339.jpg","width":1280,"height":595},{"@type":"BreadcrumbList","@id":"https:\/\/clubsierradelpinar.es\/index.php\/2022\/01\/22\/i-gala-provincial-del-montanismo-en-cadiz\/#breadcrumb","itemListElement":[{"@type":"ListItem","position":1,"name":"Portada","item":"https:\/\/clubsierradelpinar.es\/"},{"@type":"ListItem","position":2,"name":"I Gala Provincial del Monta\u00f1ismo en C\u00e1diz"}]},{"@type":"WebSite","@id":"https:\/\/clubsierradelpinar.es\/#website","url":"https:\/\/clubsierradelpinar.es\/","name":"Club Monta&ntilde;ero Sierra del Pinar","description":"Subiendo monta&ntilde;as desde 1971","publisher":{"@id":"https:\/\/clubsierradelpinar.es\/#organization"},"potentialAction":[{"@type":"SearchAction","target":{"@type":"EntryPoint","urlTemplate":"https:\/\/clubsierradelpinar.es\/?s={search_term_string}"},"query-input":{"@type":"PropertyValueSpecification","valueRequired":true,"valueName":"search_term_string"}}],"inLanguage":"es"},{"@type":"Organization","@id":"https:\/\/clubsierradelpinar.es\/#organization","name":"Club Monta\u00f1ero Sierra del Pinar","url":"https:\/\/clubsierradelpinar.es\/","logo":{"@type":"ImageObject","inLanguage":"es","@id":"https:\/\/clubsierradelpinar.es\/#\/schema\/logo\/image\/","url":"https:\/\/clubsierradelpinar.es\/wp-content\/uploads\/2021\/11\/cropped-logo.png","contentUrl":"https:\/\/clubsierradelpinar.es\/wp-content\/uploads\/2021\/11\/cropped-logo.png","width":512,"height":512,"caption":"Club Monta\u00f1ero Sierra del Pinar"},"image":{"@id":"https:\/\/clubsierradelpinar.es\/#\/schema\/logo\/image\/"},"sameAs":["https:\/\/www.facebook.com\/montaneros.sierradelpinar","https:\/\/x.com\/sierradelpinar","https:\/\/www.instagram.com\/sierradelpinar\/"]},{"@type":"Person","@id":"https:\/\/clubsierradelpinar.es\/#\/schema\/person\/b97c28bad1e5ab53603e57141f123c13","name":"Club Monta\u00f1ero Sierra del Pinar","image":{"@type":"ImageObject","inLanguage":"es","@id":"https:\/\/secure.gravatar.com\/avatar\/662a4c1e48a4d4b2ba7d48f27859771e93c8976e8b986829cb508926aeec8feb?s=96&d=mm&r=g","url":"https:\/\/secure.gravatar.com\/avatar\/662a4c1e48a4d4b2ba7d48f27859771e93c8976e8b986829cb508926aeec8feb?s=96&d=mm&r=g","contentUrl":"https:\/\/secure.gravatar.com\/avatar\/662a4c1e48a4d4b2ba7d48f27859771e93c8976e8b986829cb508926aeec8feb?s=96&d=mm&r=g","caption":"Club Monta\u00f1ero Sierra del Pinar"},"description":"Subiendo monta\u00f1as desde 1971","sameAs":["https:\/\/clubsierradelpinar.es","https:\/\/www.facebook.com\/montaneros.sierradelpinar\/","https:\/\/www.instagram.com\/sierradelpinar\/","https:\/\/x.com\/sierradelpinar","https:\/\/www.youtube.com\/channel\/UCDOkEXLUJjNkLoIrKWYv38w"],"url":"https:\/\/clubsierradelpinar.es\/index.php\/author\/club\/"}]}},"_links":{"self":[{"href":"https:\/\/clubsierradelpinar.es\/index.php\/wp-json\/wp\/v2\/posts\/523","targetHints":{"allow":["GET"]}}],"collection":[{"href":"https:\/\/clubsierradelpinar.es\/index.php\/wp-json\/wp\/v2\/posts"}],"about":[{"href":"https:\/\/clubsierradelpinar.es\/index.php\/wp-json\/wp\/v2\/types\/post"}],"author":[{"embeddable":true,"href":"https:\/\/clubsierradelpinar.es\/index.php\/wp-json\/wp\/v2\/users\/2"}],"replies":[{"embeddable":true,"href":"https:\/\/clubsierradelpinar.es\/index.php\/wp-json\/wp\/v2\/comments?post=523"}],"version-history":[{"count":5,"href":"https:\/\/clubsierradelpinar.es\/index.php\/wp-json\/wp\/v2\/posts\/523\/revisions"}],"predecessor-version":[{"id":692,"href":"https:\/\/clubsierradelpinar.es\/index.php\/wp-json\/wp\/v2\/posts\/523\/revisions\/692"}],"wp:featuredmedia":[{"embeddable":true,"href":"https:\/\/clubsierradelpinar.es\/index.php\/wp-json\/wp\/v2\/media\/529"}],"wp:attachment":[{"href":"https:\/\/clubsierradelpinar.es\/index.php\/wp-json\/wp\/v2\/media?parent=523"}],"wp:term":[{"taxonomy":"category","embeddable":true,"href":"https:\/\/clubsierradelpinar.es\/index.php\/wp-json\/wp\/v2\/categories?post=523"},{"taxonomy":"post_tag","embeddable":true,"href":"https:\/\/clubsierradelpinar.es\/index.php\/wp-json\/wp\/v2\/tags?post=523"}],"curies":[{"name":"wp","href":"https:\/\/api.w.org\/{rel}","templated":true}]}}