{"id":293,"date":"2021-12-11T10:45:41","date_gmt":"2021-12-11T09:45:41","guid":{"rendered":"https:\/\/clubsierradelpinar.es\/?p=293"},"modified":"2021-12-11T10:45:42","modified_gmt":"2021-12-11T09:45:42","slug":"dia-internacional-de-las-montanas","status":"publish","type":"post","link":"https:\/\/clubsierradelpinar.es\/index.php\/2021\/12\/11\/dia-internacional-de-las-montanas\/","title":{"rendered":"D\u00eda Internacional de las Monta\u00f1as"},"content":{"rendered":"\n<figure class=\"wp-block-image size-large\"><img loading=\"lazy\" decoding=\"async\" width=\"1024\" height=\"588\" src=\"https:\/\/clubsierradelpinar.es\/wp-content\/uploads\/2021\/12\/PanoramaBornos_recorte_11dic-1024x588.jpg\" alt=\"\" class=\"wp-image-295\" srcset=\"https:\/\/clubsierradelpinar.es\/wp-content\/uploads\/2021\/12\/PanoramaBornos_recorte_11dic-1024x588.jpg 1024w, https:\/\/clubsierradelpinar.es\/wp-content\/uploads\/2021\/12\/PanoramaBornos_recorte_11dic-300x172.jpg 300w, https:\/\/clubsierradelpinar.es\/wp-content\/uploads\/2021\/12\/PanoramaBornos_recorte_11dic-768x441.jpg 768w, https:\/\/clubsierradelpinar.es\/wp-content\/uploads\/2021\/12\/PanoramaBornos_recorte_11dic-1536x882.jpg 1536w, https:\/\/clubsierradelpinar.es\/wp-content\/uploads\/2021\/12\/PanoramaBornos_recorte_11dic.jpg 2000w\" sizes=\"auto, (max-width: 1024px) 100vw, 1024px\" \/><\/figure>\n\n\n\n<p>El 20 de diciembre de 2002 la Asamblea General de las Naciones Unidas en la <a href=\"http:\/\/www.un.org\/es\/comun\/docs\/?symbol=A\/RES\/57\/245\">Resoluci\u00f3n 57\/245<\/a> \u00abdecide declarar el 11 de diciembre <strong>D\u00eda Internacional de las Monta\u00f1as<\/strong>, a partir del 11 de diciembre de 2003, y alienta a la comunidad internacional a que organice actos a todos los niveles ese d\u00eda para resaltar la importancia del desarrollo sostenible de las monta\u00f1as\u00bb.\u200b<\/p>\n\n\n\n<blockquote class=\"wp-block-quote is-layout-flow wp-block-quote-is-layout-flow\"><p><strong>Monta\u00f1as, esas joyas naturales que debi\u00e9ramos atesorar<\/strong><\/p><p>Las monta\u00f1as albergan el 15% de la poblaci\u00f3n mundial y aproximadamente la mitad de la reserva de la diversidad biol\u00f3gica del mundo. Adem\u00e1s, suministran agua dulce para m\u00e1s de la mitad de la humanidad. Su conservaci\u00f3n resulta clave, tal cual especifica el <a href=\"https:\/\/www.un.org\/sustainabledevelopment\/es\/biodiversity\/\">Objetivo 15 de los ODS.<\/a><\/p><p>Sin embargo, se encuentran fuertemente amenazadas por el <a href=\"https:\/\/www.un.org\/es\/climatechange\/\">cambio clim\u00e1tico<\/a> y la sobreexplotaci\u00f3n. A medida que los glaciares de monta\u00f1a se derriten, los habitantes de las alturas \u2014entre los m\u00e1s pobres del mundo\u2014 afrontan mayores dificultades para sobrevivir a causa de los desastres naturales.<\/p><p>A todo ello hay que sumar el hecho de que dicho derretimiento a una velocidad sin precedentes amenaza el suministro de agua dulce de millones de personas.<\/p><p>Este problema es cosa de todos. De ah\u00ed que debamos reducir la huella de carbono y cuidar este tesoro natural.<\/p><p>Este creciente inter\u00e9s acerca de la importancia de las monta\u00f1as llev\u00f3 a la Asamblea General a declarar 2002 como A\u00f1o Internacional de las Monta\u00f1as, factor que impuls\u00f3 que, en 2003, se celebrase el primer <a href=\"https:\/\/undocs.org\/es\/A\/RES\/57\/245\">D\u00eda Internacional<\/a>.<\/p><p>Sin embargo, el principal hito se remonta a 1992, cuando el documento <a href=\"https:\/\/www.un.org\/spanish\/esa\/sustdev\/agenda21\/agenda21spchapter13.htm\">\u201cOrdenaci\u00f3n de los Sistemas Fr\u00e1giles: Desarrollo Sostenible de las Zonas de Monta\u00f1a\u201d<\/a> (cap\u00edtulo 13) fue incluido en el <a href=\"https:\/\/www.un.org\/spanish\/esa\/sustdev\/agenda21\/agenda21toc.htm\">Programa 21<\/a>, un plan de acci\u00f3n sostenible promovido por Naciones Unidas.<\/p><p><strong>El turismo sostenible en las monta\u00f1as, tema para este 2021<\/strong><\/p><p>El turismo sostenible en las monta\u00f1as puede contribuir a crear opciones de medios de subsistencia adicionales y sostenibles y a promover la mitigaci\u00f3n de la pobreza y la inclusi\u00f3n social, adem\u00e1s de la conservaci\u00f3n del paisaje y la diversidad biol\u00f3gica. Es una forma de preservar el patrimonio natural, cultural y espiritual, a fin de promover la artesan\u00eda y los productos de alto valor de la localidad, adem\u00e1s de celebrar muchas pr\u00e1cticas tradicionales.<\/p><p>El turismo en las monta\u00f1as atrae del 15 al 20 por ciento del turismo mundial. Sin embargo, este sector es uno de los m\u00e1s afectados por la pandemia COVID-19, golpeando las econom\u00edas, los medios de vida, los servicios p\u00fablicos y las oportunidades en los cinco continentes. En las monta\u00f1as, las restricciones impuestas por la pandemia han agravado las vulnerabilidades de las comunidades monta\u00f1esas.<\/p><p>Esta crisis puede percibirse como una oportunidad para reinventar el turismo en las monta\u00f1as y sus impactos en los recursos naturales y en los medios de vida, mejorar la gesti\u00f3n del mismo y encaminarlo hacia un futuro m\u00e1s resiliente, m\u00e1s ecol\u00f3gico y m\u00e1s inclusivo.<\/p><cite><a href=\"https:\/\/es.wikipedia.org\/wiki\/Organizaci%C3%B3n_de_las_Naciones_Unidas\">Organizaci\u00f3n de las Naciones Unidas<\/a><\/cite><\/blockquote>\n\n\n\n<figure class=\"wp-block-embed is-type-rich is-provider-gestor-del-servicio wp-block-embed-gestor-del-servicio wp-embed-aspect-16-9 wp-has-aspect-ratio\"><div class=\"wp-block-embed__wrapper\">\n<iframe loading=\"lazy\" title=\"Mujeres de las monta\u00f1as de Kirguist\u00e1n colaboran con la dise\u00f1adora de moda Stella Jean\" width=\"750\" height=\"422\" src=\"https:\/\/www.youtube.com\/embed\/m-iASmnPNcU?feature=oembed\" frameborder=\"0\" allow=\"accelerometer; autoplay; clipboard-write; encrypted-media; gyroscope; picture-in-picture\" allowfullscreen><\/iframe>\n<\/div><\/figure>\n","protected":false},"excerpt":{"rendered":"<p>El 20 de diciembre de 2002 la Asamblea General de las Naciones Unidas en la Resoluci\u00f3n 57\/245 \u00abdecide declarar el 11 de diciembre D\u00eda Internacional de las Monta\u00f1as, a partir del 11 de diciembre de 2003, y alienta a la comunidad internacional a que organice actos a todos los niveles ese d\u00eda para resaltar la importancia del desarrollo sostenible de las monta\u00f1as\u00bb.\u200b<\/p>\n","protected":false},"author":2,"featured_media":295,"comment_status":"open","ping_status":"open","sticky":false,"template":"","format":"standard","meta":{"footnotes":""},"categories":[28],"tags":[30,29],"class_list":["post-293","post","type-post","status-publish","format-standard","has-post-thumbnail","hentry","category-efemerides","tag-celebracion","tag-dia-internacional-de-las-montanas"],"yoast_head":"<!-- This site is optimized with the Yoast SEO plugin v27.3 - https:\/\/yoast.com\/product\/yoast-seo-wordpress\/ -->\n<title>D\u00eda Internacional de las Monta\u00f1as - Club Monta&ntilde;ero Sierra del Pinar<\/title>\n<meta name=\"robots\" content=\"index, follow, max-snippet:-1, max-image-preview:large, max-video-preview:-1\" \/>\n<link rel=\"canonical\" href=\"https:\/\/clubsierradelpinar.es\/index.php\/2021\/12\/11\/dia-internacional-de-las-montanas\/\" \/>\n<meta property=\"og:locale\" content=\"es_ES\" \/>\n<meta property=\"og:type\" content=\"article\" \/>\n<meta property=\"og:title\" content=\"D\u00eda Internacional de las Monta\u00f1as\" \/>\n<meta property=\"og:description\" content=\"El 20 de diciembre de 2002 la Asamblea General de las Naciones Unidas en la Resoluci\u00f3n 57\/245 \u00abdecide declarar el 11 de diciembre D\u00eda Internacional de las Monta\u00f1as, a partir del 11 de diciembre de 2003, y alienta a la comunidad internacional a que organice actos a todos los niveles ese d\u00eda para resaltar la importancia del desarrollo sostenible de las monta\u00f1as\u00bb.\u200b\" \/>\n<meta property=\"og:url\" content=\"https:\/\/clubsierradelpinar.es\/index.php\/2021\/12\/11\/dia-internacional-de-las-montanas\/\" \/>\n<meta property=\"og:site_name\" content=\"Club Monta&ntilde;ero Sierra del Pinar\" \/>\n<meta property=\"article:publisher\" content=\"https:\/\/www.facebook.com\/montaneros.sierradelpinar\" \/>\n<meta property=\"article:author\" content=\"https:\/\/www.facebook.com\/montaneros.sierradelpinar\/\" \/>\n<meta property=\"article:published_time\" content=\"2021-12-11T09:45:41+00:00\" \/>\n<meta property=\"article:modified_time\" content=\"2021-12-11T09:45:42+00:00\" \/>\n<meta property=\"og:image\" content=\"https:\/\/clubsierradelpinar.es\/wp-content\/uploads\/2021\/12\/PanoramaBornos_recorte_11dic.jpg\" \/>\n\t<meta property=\"og:image:width\" content=\"2000\" \/>\n\t<meta property=\"og:image:height\" content=\"1148\" \/>\n\t<meta property=\"og:image:type\" content=\"image\/jpeg\" \/>\n<meta name=\"author\" content=\"Club Monta\u00f1ero Sierra del Pinar\" \/>\n<meta name=\"twitter:card\" content=\"summary_large_image\" \/>\n<meta name=\"twitter:title\" content=\"D\u00eda Internacional de las Monta\u00f1as\" \/>\n<meta name=\"twitter:description\" content=\"El 20 de diciembre de 2002 la Asamblea General de las Naciones Unidas en la Resoluci\u00f3n 57\/245 \u00abdecide declarar el 11 de diciembre D\u00eda Internacional de las Monta\u00f1as, a partir del 11 de diciembre de 2003, y alienta a la comunidad internacional a que organice actos a todos los niveles ese d\u00eda para resaltar la importancia del desarrollo sostenible de las monta\u00f1as\u00bb.\u200b\" \/>\n<meta name=\"twitter:image\" content=\"https:\/\/clubsierradelpinar.es\/wp-content\/uploads\/2021\/12\/PanoramaBornos_recorte_11dic.jpg\" \/>\n<meta name=\"twitter:creator\" content=\"@sierradelpinar\" \/>\n<meta name=\"twitter:site\" content=\"@sierradelpinar\" \/>\n<meta name=\"twitter:label1\" content=\"Escrito por\" \/>\n\t<meta name=\"twitter:data1\" content=\"Club Monta\u00f1ero Sierra del Pinar\" \/>\n\t<meta name=\"twitter:label2\" content=\"Tiempo de lectura\" \/>\n\t<meta name=\"twitter:data2\" content=\"3 minutos\" \/>\n<script type=\"application\/ld+json\" class=\"yoast-schema-graph\">{\"@context\":\"https:\\\/\\\/schema.org\",\"@graph\":[{\"@type\":\"Article\",\"@id\":\"https:\\\/\\\/clubsierradelpinar.es\\\/index.php\\\/2021\\\/12\\\/11\\\/dia-internacional-de-las-montanas\\\/#article\",\"isPartOf\":{\"@id\":\"https:\\\/\\\/clubsierradelpinar.es\\\/index.php\\\/2021\\\/12\\\/11\\\/dia-internacional-de-las-montanas\\\/\"},\"author\":{\"name\":\"Club Monta\u00f1ero Sierra del Pinar\",\"@id\":\"https:\\\/\\\/clubsierradelpinar.es\\\/#\\\/schema\\\/person\\\/b97c28bad1e5ab53603e57141f123c13\"},\"headline\":\"D\u00eda Internacional de las Monta\u00f1as\",\"datePublished\":\"2021-12-11T09:45:41+00:00\",\"dateModified\":\"2021-12-11T09:45:42+00:00\",\"mainEntityOfPage\":{\"@id\":\"https:\\\/\\\/clubsierradelpinar.es\\\/index.php\\\/2021\\\/12\\\/11\\\/dia-internacional-de-las-montanas\\\/\"},\"wordCount\":525,\"commentCount\":0,\"publisher\":{\"@id\":\"https:\\\/\\\/clubsierradelpinar.es\\\/#organization\"},\"image\":{\"@id\":\"https:\\\/\\\/clubsierradelpinar.es\\\/index.php\\\/2021\\\/12\\\/11\\\/dia-internacional-de-las-montanas\\\/#primaryimage\"},\"thumbnailUrl\":\"https:\\\/\\\/clubsierradelpinar.es\\\/wp-content\\\/uploads\\\/2021\\\/12\\\/PanoramaBornos_recorte_11dic.jpg\",\"keywords\":[\"Celebraci\u00f3n\",\"D\u00eda Internacional de las Monta\u00f1as\"],\"articleSection\":[\"Efem\u00e9rides\"],\"inLanguage\":\"es\",\"potentialAction\":[{\"@type\":\"CommentAction\",\"name\":\"Comment\",\"target\":[\"https:\\\/\\\/clubsierradelpinar.es\\\/index.php\\\/2021\\\/12\\\/11\\\/dia-internacional-de-las-montanas\\\/#respond\"]}]},{\"@type\":\"WebPage\",\"@id\":\"https:\\\/\\\/clubsierradelpinar.es\\\/index.php\\\/2021\\\/12\\\/11\\\/dia-internacional-de-las-montanas\\\/\",\"url\":\"https:\\\/\\\/clubsierradelpinar.es\\\/index.php\\\/2021\\\/12\\\/11\\\/dia-internacional-de-las-montanas\\\/\",\"name\":\"D\u00eda Internacional de las Monta\u00f1as - Club Monta&ntilde;ero Sierra del Pinar\",\"isPartOf\":{\"@id\":\"https:\\\/\\\/clubsierradelpinar.es\\\/#website\"},\"primaryImageOfPage\":{\"@id\":\"https:\\\/\\\/clubsierradelpinar.es\\\/index.php\\\/2021\\\/12\\\/11\\\/dia-internacional-de-las-montanas\\\/#primaryimage\"},\"image\":{\"@id\":\"https:\\\/\\\/clubsierradelpinar.es\\\/index.php\\\/2021\\\/12\\\/11\\\/dia-internacional-de-las-montanas\\\/#primaryimage\"},\"thumbnailUrl\":\"https:\\\/\\\/clubsierradelpinar.es\\\/wp-content\\\/uploads\\\/2021\\\/12\\\/PanoramaBornos_recorte_11dic.jpg\",\"datePublished\":\"2021-12-11T09:45:41+00:00\",\"dateModified\":\"2021-12-11T09:45:42+00:00\",\"breadcrumb\":{\"@id\":\"https:\\\/\\\/clubsierradelpinar.es\\\/index.php\\\/2021\\\/12\\\/11\\\/dia-internacional-de-las-montanas\\\/#breadcrumb\"},\"inLanguage\":\"es\",\"potentialAction\":[{\"@type\":\"ReadAction\",\"target\":[\"https:\\\/\\\/clubsierradelpinar.es\\\/index.php\\\/2021\\\/12\\\/11\\\/dia-internacional-de-las-montanas\\\/\"]}]},{\"@type\":\"ImageObject\",\"inLanguage\":\"es\",\"@id\":\"https:\\\/\\\/clubsierradelpinar.es\\\/index.php\\\/2021\\\/12\\\/11\\\/dia-internacional-de-las-montanas\\\/#primaryimage\",\"url\":\"https:\\\/\\\/clubsierradelpinar.es\\\/wp-content\\\/uploads\\\/2021\\\/12\\\/PanoramaBornos_recorte_11dic.jpg\",\"contentUrl\":\"https:\\\/\\\/clubsierradelpinar.es\\\/wp-content\\\/uploads\\\/2021\\\/12\\\/PanoramaBornos_recorte_11dic.jpg\",\"width\":2000,\"height\":1148},{\"@type\":\"BreadcrumbList\",\"@id\":\"https:\\\/\\\/clubsierradelpinar.es\\\/index.php\\\/2021\\\/12\\\/11\\\/dia-internacional-de-las-montanas\\\/#breadcrumb\",\"itemListElement\":[{\"@type\":\"ListItem\",\"position\":1,\"name\":\"Portada\",\"item\":\"https:\\\/\\\/clubsierradelpinar.es\\\/\"},{\"@type\":\"ListItem\",\"position\":2,\"name\":\"D\u00eda Internacional de las Monta\u00f1as\"}]},{\"@type\":\"WebSite\",\"@id\":\"https:\\\/\\\/clubsierradelpinar.es\\\/#website\",\"url\":\"https:\\\/\\\/clubsierradelpinar.es\\\/\",\"name\":\"Club Monta&ntilde;ero Sierra del Pinar\",\"description\":\"Subiendo monta&ntilde;as desde 1971\",\"publisher\":{\"@id\":\"https:\\\/\\\/clubsierradelpinar.es\\\/#organization\"},\"potentialAction\":[{\"@type\":\"SearchAction\",\"target\":{\"@type\":\"EntryPoint\",\"urlTemplate\":\"https:\\\/\\\/clubsierradelpinar.es\\\/?s={search_term_string}\"},\"query-input\":{\"@type\":\"PropertyValueSpecification\",\"valueRequired\":true,\"valueName\":\"search_term_string\"}}],\"inLanguage\":\"es\"},{\"@type\":\"Organization\",\"@id\":\"https:\\\/\\\/clubsierradelpinar.es\\\/#organization\",\"name\":\"Club Monta\u00f1ero Sierra del Pinar\",\"url\":\"https:\\\/\\\/clubsierradelpinar.es\\\/\",\"logo\":{\"@type\":\"ImageObject\",\"inLanguage\":\"es\",\"@id\":\"https:\\\/\\\/clubsierradelpinar.es\\\/#\\\/schema\\\/logo\\\/image\\\/\",\"url\":\"https:\\\/\\\/clubsierradelpinar.es\\\/wp-content\\\/uploads\\\/2021\\\/11\\\/cropped-logo.png\",\"contentUrl\":\"https:\\\/\\\/clubsierradelpinar.es\\\/wp-content\\\/uploads\\\/2021\\\/11\\\/cropped-logo.png\",\"width\":512,\"height\":512,\"caption\":\"Club Monta\u00f1ero Sierra del Pinar\"},\"image\":{\"@id\":\"https:\\\/\\\/clubsierradelpinar.es\\\/#\\\/schema\\\/logo\\\/image\\\/\"},\"sameAs\":[\"https:\\\/\\\/www.facebook.com\\\/montaneros.sierradelpinar\",\"https:\\\/\\\/x.com\\\/sierradelpinar\",\"https:\\\/\\\/www.instagram.com\\\/sierradelpinar\\\/\"]},{\"@type\":\"Person\",\"@id\":\"https:\\\/\\\/clubsierradelpinar.es\\\/#\\\/schema\\\/person\\\/b97c28bad1e5ab53603e57141f123c13\",\"name\":\"Club Monta\u00f1ero Sierra del Pinar\",\"image\":{\"@type\":\"ImageObject\",\"inLanguage\":\"es\",\"@id\":\"https:\\\/\\\/secure.gravatar.com\\\/avatar\\\/662a4c1e48a4d4b2ba7d48f27859771e93c8976e8b986829cb508926aeec8feb?s=96&d=mm&r=g\",\"url\":\"https:\\\/\\\/secure.gravatar.com\\\/avatar\\\/662a4c1e48a4d4b2ba7d48f27859771e93c8976e8b986829cb508926aeec8feb?s=96&d=mm&r=g\",\"contentUrl\":\"https:\\\/\\\/secure.gravatar.com\\\/avatar\\\/662a4c1e48a4d4b2ba7d48f27859771e93c8976e8b986829cb508926aeec8feb?s=96&d=mm&r=g\",\"caption\":\"Club Monta\u00f1ero Sierra del Pinar\"},\"description\":\"Subiendo monta\u00f1as desde 1971\",\"sameAs\":[\"https:\\\/\\\/clubsierradelpinar.es\",\"https:\\\/\\\/www.facebook.com\\\/montaneros.sierradelpinar\\\/\",\"https:\\\/\\\/www.instagram.com\\\/sierradelpinar\\\/\",\"https:\\\/\\\/x.com\\\/sierradelpinar\",\"https:\\\/\\\/www.youtube.com\\\/channel\\\/UCDOkEXLUJjNkLoIrKWYv38w\"],\"url\":\"https:\\\/\\\/clubsierradelpinar.es\\\/index.php\\\/author\\\/club\\\/\"}]}<\/script>\n<!-- \/ Yoast SEO plugin. -->","yoast_head_json":{"title":"D\u00eda Internacional de las Monta\u00f1as - Club Monta&ntilde;ero Sierra del Pinar","robots":{"index":"index","follow":"follow","max-snippet":"max-snippet:-1","max-image-preview":"max-image-preview:large","max-video-preview":"max-video-preview:-1"},"canonical":"https:\/\/clubsierradelpinar.es\/index.php\/2021\/12\/11\/dia-internacional-de-las-montanas\/","og_locale":"es_ES","og_type":"article","og_title":"D\u00eda Internacional de las Monta\u00f1as","og_description":"El 20 de diciembre de 2002 la Asamblea General de las Naciones Unidas en la Resoluci\u00f3n 57\/245 \u00abdecide declarar el 11 de diciembre D\u00eda Internacional de las Monta\u00f1as, a partir del 11 de diciembre de 2003, y alienta a la comunidad internacional a que organice actos a todos los niveles ese d\u00eda para resaltar la importancia del desarrollo sostenible de las monta\u00f1as\u00bb.\u200b","og_url":"https:\/\/clubsierradelpinar.es\/index.php\/2021\/12\/11\/dia-internacional-de-las-montanas\/","og_site_name":"Club Monta&ntilde;ero Sierra del Pinar","article_publisher":"https:\/\/www.facebook.com\/montaneros.sierradelpinar","article_author":"https:\/\/www.facebook.com\/montaneros.sierradelpinar\/","article_published_time":"2021-12-11T09:45:41+00:00","article_modified_time":"2021-12-11T09:45:42+00:00","og_image":[{"width":2000,"height":1148,"url":"https:\/\/clubsierradelpinar.es\/wp-content\/uploads\/2021\/12\/PanoramaBornos_recorte_11dic.jpg","type":"image\/jpeg"}],"author":"Club Monta\u00f1ero Sierra del Pinar","twitter_card":"summary_large_image","twitter_title":"D\u00eda Internacional de las Monta\u00f1as","twitter_description":"El 20 de diciembre de 2002 la Asamblea General de las Naciones Unidas en la Resoluci\u00f3n 57\/245 \u00abdecide declarar el 11 de diciembre D\u00eda Internacional de las Monta\u00f1as, a partir del 11 de diciembre de 2003, y alienta a la comunidad internacional a que organice actos a todos los niveles ese d\u00eda para resaltar la importancia del desarrollo sostenible de las monta\u00f1as\u00bb.\u200b","twitter_image":"https:\/\/clubsierradelpinar.es\/wp-content\/uploads\/2021\/12\/PanoramaBornos_recorte_11dic.jpg","twitter_creator":"@sierradelpinar","twitter_site":"@sierradelpinar","twitter_misc":{"Escrito por":"Club Monta\u00f1ero Sierra del Pinar","Tiempo de lectura":"3 minutos"},"schema":{"@context":"https:\/\/schema.org","@graph":[{"@type":"Article","@id":"https:\/\/clubsierradelpinar.es\/index.php\/2021\/12\/11\/dia-internacional-de-las-montanas\/#article","isPartOf":{"@id":"https:\/\/clubsierradelpinar.es\/index.php\/2021\/12\/11\/dia-internacional-de-las-montanas\/"},"author":{"name":"Club Monta\u00f1ero Sierra del Pinar","@id":"https:\/\/clubsierradelpinar.es\/#\/schema\/person\/b97c28bad1e5ab53603e57141f123c13"},"headline":"D\u00eda Internacional de las Monta\u00f1as","datePublished":"2021-12-11T09:45:41+00:00","dateModified":"2021-12-11T09:45:42+00:00","mainEntityOfPage":{"@id":"https:\/\/clubsierradelpinar.es\/index.php\/2021\/12\/11\/dia-internacional-de-las-montanas\/"},"wordCount":525,"commentCount":0,"publisher":{"@id":"https:\/\/clubsierradelpinar.es\/#organization"},"image":{"@id":"https:\/\/clubsierradelpinar.es\/index.php\/2021\/12\/11\/dia-internacional-de-las-montanas\/#primaryimage"},"thumbnailUrl":"https:\/\/clubsierradelpinar.es\/wp-content\/uploads\/2021\/12\/PanoramaBornos_recorte_11dic.jpg","keywords":["Celebraci\u00f3n","D\u00eda Internacional de las Monta\u00f1as"],"articleSection":["Efem\u00e9rides"],"inLanguage":"es","potentialAction":[{"@type":"CommentAction","name":"Comment","target":["https:\/\/clubsierradelpinar.es\/index.php\/2021\/12\/11\/dia-internacional-de-las-montanas\/#respond"]}]},{"@type":"WebPage","@id":"https:\/\/clubsierradelpinar.es\/index.php\/2021\/12\/11\/dia-internacional-de-las-montanas\/","url":"https:\/\/clubsierradelpinar.es\/index.php\/2021\/12\/11\/dia-internacional-de-las-montanas\/","name":"D\u00eda Internacional de las Monta\u00f1as - Club Monta&ntilde;ero Sierra del Pinar","isPartOf":{"@id":"https:\/\/clubsierradelpinar.es\/#website"},"primaryImageOfPage":{"@id":"https:\/\/clubsierradelpinar.es\/index.php\/2021\/12\/11\/dia-internacional-de-las-montanas\/#primaryimage"},"image":{"@id":"https:\/\/clubsierradelpinar.es\/index.php\/2021\/12\/11\/dia-internacional-de-las-montanas\/#primaryimage"},"thumbnailUrl":"https:\/\/clubsierradelpinar.es\/wp-content\/uploads\/2021\/12\/PanoramaBornos_recorte_11dic.jpg","datePublished":"2021-12-11T09:45:41+00:00","dateModified":"2021-12-11T09:45:42+00:00","breadcrumb":{"@id":"https:\/\/clubsierradelpinar.es\/index.php\/2021\/12\/11\/dia-internacional-de-las-montanas\/#breadcrumb"},"inLanguage":"es","potentialAction":[{"@type":"ReadAction","target":["https:\/\/clubsierradelpinar.es\/index.php\/2021\/12\/11\/dia-internacional-de-las-montanas\/"]}]},{"@type":"ImageObject","inLanguage":"es","@id":"https:\/\/clubsierradelpinar.es\/index.php\/2021\/12\/11\/dia-internacional-de-las-montanas\/#primaryimage","url":"https:\/\/clubsierradelpinar.es\/wp-content\/uploads\/2021\/12\/PanoramaBornos_recorte_11dic.jpg","contentUrl":"https:\/\/clubsierradelpinar.es\/wp-content\/uploads\/2021\/12\/PanoramaBornos_recorte_11dic.jpg","width":2000,"height":1148},{"@type":"BreadcrumbList","@id":"https:\/\/clubsierradelpinar.es\/index.php\/2021\/12\/11\/dia-internacional-de-las-montanas\/#breadcrumb","itemListElement":[{"@type":"ListItem","position":1,"name":"Portada","item":"https:\/\/clubsierradelpinar.es\/"},{"@type":"ListItem","position":2,"name":"D\u00eda Internacional de las Monta\u00f1as"}]},{"@type":"WebSite","@id":"https:\/\/clubsierradelpinar.es\/#website","url":"https:\/\/clubsierradelpinar.es\/","name":"Club Monta&ntilde;ero Sierra del Pinar","description":"Subiendo monta&ntilde;as desde 1971","publisher":{"@id":"https:\/\/clubsierradelpinar.es\/#organization"},"potentialAction":[{"@type":"SearchAction","target":{"@type":"EntryPoint","urlTemplate":"https:\/\/clubsierradelpinar.es\/?s={search_term_string}"},"query-input":{"@type":"PropertyValueSpecification","valueRequired":true,"valueName":"search_term_string"}}],"inLanguage":"es"},{"@type":"Organization","@id":"https:\/\/clubsierradelpinar.es\/#organization","name":"Club Monta\u00f1ero Sierra del Pinar","url":"https:\/\/clubsierradelpinar.es\/","logo":{"@type":"ImageObject","inLanguage":"es","@id":"https:\/\/clubsierradelpinar.es\/#\/schema\/logo\/image\/","url":"https:\/\/clubsierradelpinar.es\/wp-content\/uploads\/2021\/11\/cropped-logo.png","contentUrl":"https:\/\/clubsierradelpinar.es\/wp-content\/uploads\/2021\/11\/cropped-logo.png","width":512,"height":512,"caption":"Club Monta\u00f1ero Sierra del Pinar"},"image":{"@id":"https:\/\/clubsierradelpinar.es\/#\/schema\/logo\/image\/"},"sameAs":["https:\/\/www.facebook.com\/montaneros.sierradelpinar","https:\/\/x.com\/sierradelpinar","https:\/\/www.instagram.com\/sierradelpinar\/"]},{"@type":"Person","@id":"https:\/\/clubsierradelpinar.es\/#\/schema\/person\/b97c28bad1e5ab53603e57141f123c13","name":"Club Monta\u00f1ero Sierra del Pinar","image":{"@type":"ImageObject","inLanguage":"es","@id":"https:\/\/secure.gravatar.com\/avatar\/662a4c1e48a4d4b2ba7d48f27859771e93c8976e8b986829cb508926aeec8feb?s=96&d=mm&r=g","url":"https:\/\/secure.gravatar.com\/avatar\/662a4c1e48a4d4b2ba7d48f27859771e93c8976e8b986829cb508926aeec8feb?s=96&d=mm&r=g","contentUrl":"https:\/\/secure.gravatar.com\/avatar\/662a4c1e48a4d4b2ba7d48f27859771e93c8976e8b986829cb508926aeec8feb?s=96&d=mm&r=g","caption":"Club Monta\u00f1ero Sierra del Pinar"},"description":"Subiendo monta\u00f1as desde 1971","sameAs":["https:\/\/clubsierradelpinar.es","https:\/\/www.facebook.com\/montaneros.sierradelpinar\/","https:\/\/www.instagram.com\/sierradelpinar\/","https:\/\/x.com\/sierradelpinar","https:\/\/www.youtube.com\/channel\/UCDOkEXLUJjNkLoIrKWYv38w"],"url":"https:\/\/clubsierradelpinar.es\/index.php\/author\/club\/"}]}},"_links":{"self":[{"href":"https:\/\/clubsierradelpinar.es\/index.php\/wp-json\/wp\/v2\/posts\/293","targetHints":{"allow":["GET"]}}],"collection":[{"href":"https:\/\/clubsierradelpinar.es\/index.php\/wp-json\/wp\/v2\/posts"}],"about":[{"href":"https:\/\/clubsierradelpinar.es\/index.php\/wp-json\/wp\/v2\/types\/post"}],"author":[{"embeddable":true,"href":"https:\/\/clubsierradelpinar.es\/index.php\/wp-json\/wp\/v2\/users\/2"}],"replies":[{"embeddable":true,"href":"https:\/\/clubsierradelpinar.es\/index.php\/wp-json\/wp\/v2\/comments?post=293"}],"version-history":[{"count":2,"href":"https:\/\/clubsierradelpinar.es\/index.php\/wp-json\/wp\/v2\/posts\/293\/revisions"}],"predecessor-version":[{"id":297,"href":"https:\/\/clubsierradelpinar.es\/index.php\/wp-json\/wp\/v2\/posts\/293\/revisions\/297"}],"wp:featuredmedia":[{"embeddable":true,"href":"https:\/\/clubsierradelpinar.es\/index.php\/wp-json\/wp\/v2\/media\/295"}],"wp:attachment":[{"href":"https:\/\/clubsierradelpinar.es\/index.php\/wp-json\/wp\/v2\/media?parent=293"}],"wp:term":[{"taxonomy":"category","embeddable":true,"href":"https:\/\/clubsierradelpinar.es\/index.php\/wp-json\/wp\/v2\/categories?post=293"},{"taxonomy":"post_tag","embeddable":true,"href":"https:\/\/clubsierradelpinar.es\/index.php\/wp-json\/wp\/v2\/tags?post=293"}],"curies":[{"name":"wp","href":"https:\/\/api.w.org\/{rel}","templated":true}]}}