{"id":2150,"date":"2024-11-24T21:33:18","date_gmt":"2024-11-24T20:33:18","guid":{"rendered":"https:\/\/clubsierradelpinar.es\/?p=2150"},"modified":"2024-11-24T21:35:33","modified_gmt":"2024-11-24T20:35:33","slug":"acampada-inaugural-3","status":"publish","type":"post","link":"https:\/\/clubsierradelpinar.es\/index.php\/2024\/11\/24\/acampada-inaugural-3\/","title":{"rendered":"Acampada Inaugural"},"content":{"rendered":"\n<p><em>\u201cFin de semana monta\u00f1ero en el Parque Nacional Sierra de las&nbsp;<\/em><em>Nieves\u201d<\/em><\/p>\n\n\n\n<p>Con un poco de retraso&nbsp;debido a dificultades de reserva y agenda,&nbsp;los d\u00edas 8, 9 y 10 de noviembre&nbsp;celebramos nuestra &nbsp;acampada inaugural de este a\u00f1o.<\/p>\n\n\n\n<p>Para esta ocasi\u00f3n elegimos el&nbsp;recientemente nombrado Parque Nacional Sierra de las Nieves&nbsp;y como base el albergue del camping municipal de&nbsp;Parauta&nbsp;y sus&nbsp;magn\u00edficas&nbsp;instalaciones.<\/p>\n\n\n\n<p>La&nbsp;localizaci\u00f3n&nbsp;del albergue es id\u00f3nea debido a que se encuentra situado&nbsp;a la entrada de la pista&nbsp;que conduce al \u00e1rea recreativa de Quejigales.<\/p>\n\n\n\n<p>Durante la tarde del viernes fuimos llegando&nbsp;al albergue&nbsp;y&nbsp;nos llevamos una grata sorpresa, la presencia de&nbsp;varios peque\u00f1os entre&nbsp;nosotros.&nbsp;Este hecho nos&nbsp;record\u00f3&nbsp;cuando las acampadas infantiles eran&nbsp;frecuentes.<\/p>\n\n\n\n<p>Tras la distribuci\u00f3n de los dormitorios&nbsp;y antes de la cena nos juntamos para preparar las salidas. El s\u00e1bado&nbsp;partiendo del \u00e1rea recreativa de &nbsp;Quejigales&nbsp;y a trav\u00e9s de la ca\u00f1ada del cuerno&nbsp;ascender\u00edamos al&nbsp;cerro de la Alcazaba&nbsp;y el domingo por la ma\u00f1ana&nbsp;subir\u00edamos&nbsp;al cerro de la Tala partiendo desde el mismo albergue a pie.<\/p>\n\n\n\n<figure class=\"wp-block-image size-large\"><img loading=\"lazy\" decoding=\"async\" width=\"1024\" height=\"710\" src=\"https:\/\/clubsierradelpinar.es\/wp-content\/uploads\/2024\/11\/WhatsApp-Image-2024-11-24-at-20.35.51-1-1024x710.jpeg\" alt=\"\" class=\"wp-image-2152\" srcset=\"https:\/\/clubsierradelpinar.es\/wp-content\/uploads\/2024\/11\/WhatsApp-Image-2024-11-24-at-20.35.51-1-1024x710.jpeg 1024w, https:\/\/clubsierradelpinar.es\/wp-content\/uploads\/2024\/11\/WhatsApp-Image-2024-11-24-at-20.35.51-1-300x208.jpeg 300w, https:\/\/clubsierradelpinar.es\/wp-content\/uploads\/2024\/11\/WhatsApp-Image-2024-11-24-at-20.35.51-1-768x532.jpeg 768w, https:\/\/clubsierradelpinar.es\/wp-content\/uploads\/2024\/11\/WhatsApp-Image-2024-11-24-at-20.35.51-1-1536x1065.jpeg 1536w, https:\/\/clubsierradelpinar.es\/wp-content\/uploads\/2024\/11\/WhatsApp-Image-2024-11-24-at-20.35.51-1.jpeg 1600w\" sizes=\"auto, (max-width: 1024px) 100vw, 1024px\" \/><\/figure>\n\n\n\n<p>SABADO D\u00cdA 9<\/p>\n\n\n\n<p>Despu\u00e9s de una tranquila noche y un buen desayuno en el&nbsp;que no faltaron el aceite de oliva,&nbsp;jam\u00f3n, tomates,&nbsp;pan,varios&nbsp;bizcochos y todo acompa\u00f1ado de caf\u00e9 y t\u00e9. Partimos hacia el&nbsp;\u00e1rea&nbsp;recreativa de&nbsp;Quejigales.<\/p>\n\n\n\n<figure class=\"wp-block-image size-large\"><img loading=\"lazy\" decoding=\"async\" width=\"1024\" height=\"769\" src=\"https:\/\/clubsierradelpinar.es\/wp-content\/uploads\/2024\/11\/WhatsApp-Image-2024-11-24-at-20.35.51-2-1024x769.jpeg\" alt=\"\" class=\"wp-image-2153\" srcset=\"https:\/\/clubsierradelpinar.es\/wp-content\/uploads\/2024\/11\/WhatsApp-Image-2024-11-24-at-20.35.51-2-1024x769.jpeg 1024w, https:\/\/clubsierradelpinar.es\/wp-content\/uploads\/2024\/11\/WhatsApp-Image-2024-11-24-at-20.35.51-2-300x225.jpeg 300w, https:\/\/clubsierradelpinar.es\/wp-content\/uploads\/2024\/11\/WhatsApp-Image-2024-11-24-at-20.35.51-2-768x576.jpeg 768w, https:\/\/clubsierradelpinar.es\/wp-content\/uploads\/2024\/11\/WhatsApp-Image-2024-11-24-at-20.35.51-2-1536x1153.jpeg 1536w, https:\/\/clubsierradelpinar.es\/wp-content\/uploads\/2024\/11\/WhatsApp-Image-2024-11-24-at-20.35.51-2.jpeg 1600w\" sizes=\"auto, (max-width: 1024px) 100vw, 1024px\" \/><\/figure>\n\n\n\n<p>Tras conversar con un grupo de agentes forestales y voluntarios\u00a0iniciamos\u00a0la subida\u00a0sali\u00e9ndonos de la pista unos metros\u00a0despu\u00e9s del aparcamiento\u00a0e intern\u00e1ndonos\u00a0en un bosque de pinos\u00a0hasta alcanzar el cortafuegos. A partir de aqu\u00ed comenzamos la ca\u00f1ada del cuerno\u00a0y ascendemos ya entre pinsapos de enormes dimensiones\u00a0acompa\u00f1ados de otros que empiezan a crecer buscando el sol. Los peques nos\u00a0preceden\u00a0disfrutando de este\u00a0incre\u00edble\u00a0bosque.<\/p>\n\n\n\n<figure class=\"wp-block-image size-large\"><img loading=\"lazy\" decoding=\"async\" width=\"1024\" height=\"769\" src=\"https:\/\/clubsierradelpinar.es\/wp-content\/uploads\/2024\/11\/WhatsApp-Image-2024-11-24-at-20.35.52-1024x769.jpeg\" alt=\"\" class=\"wp-image-2154\" srcset=\"https:\/\/clubsierradelpinar.es\/wp-content\/uploads\/2024\/11\/WhatsApp-Image-2024-11-24-at-20.35.52-1024x769.jpeg 1024w, https:\/\/clubsierradelpinar.es\/wp-content\/uploads\/2024\/11\/WhatsApp-Image-2024-11-24-at-20.35.52-300x225.jpeg 300w, https:\/\/clubsierradelpinar.es\/wp-content\/uploads\/2024\/11\/WhatsApp-Image-2024-11-24-at-20.35.52-768x576.jpeg 768w, https:\/\/clubsierradelpinar.es\/wp-content\/uploads\/2024\/11\/WhatsApp-Image-2024-11-24-at-20.35.52-1536x1153.jpeg 1536w, https:\/\/clubsierradelpinar.es\/wp-content\/uploads\/2024\/11\/WhatsApp-Image-2024-11-24-at-20.35.52.jpeg 1600w\" sizes=\"auto, (max-width: 1024px) 100vw, 1024px\" \/><\/figure>\n\n\n\n<p>Durante toda la subida no dejan de&nbsp;impresionarnos las vistas&nbsp;de los alrededores incluida nuestra querida&nbsp;Sierra del Pinar con su crester\u00eda bien visible&nbsp;y el San Crist\u00f3bal&nbsp;en primer t\u00e9rmino. Conforme vamos&nbsp;ascendiendo&nbsp;se nos abre&nbsp;el paisaje y los pinsapos ralean en&nbsp;beneficio&nbsp;de&nbsp;los quejigos que toman el relevo junto al matorral de poco porte.<\/p>\n\n\n\n<p><\/p>\n\n\n<div class=\"wp-block-image\">\n<figure class=\"aligncenter size-large\"><img loading=\"lazy\" decoding=\"async\" width=\"710\" height=\"1024\" src=\"https:\/\/clubsierradelpinar.es\/wp-content\/uploads\/2024\/11\/WhatsApp-Image-2024-11-24-at-20.35.52-2-710x1024.jpeg\" alt=\"\" class=\"wp-image-2155\" srcset=\"https:\/\/clubsierradelpinar.es\/wp-content\/uploads\/2024\/11\/WhatsApp-Image-2024-11-24-at-20.35.52-2-710x1024.jpeg 710w, https:\/\/clubsierradelpinar.es\/wp-content\/uploads\/2024\/11\/WhatsApp-Image-2024-11-24-at-20.35.52-2-208x300.jpeg 208w, https:\/\/clubsierradelpinar.es\/wp-content\/uploads\/2024\/11\/WhatsApp-Image-2024-11-24-at-20.35.52-2-768x1107.jpeg 768w, https:\/\/clubsierradelpinar.es\/wp-content\/uploads\/2024\/11\/WhatsApp-Image-2024-11-24-at-20.35.52-2-1066x1536.jpeg 1066w, https:\/\/clubsierradelpinar.es\/wp-content\/uploads\/2024\/11\/WhatsApp-Image-2024-11-24-at-20.35.52-2.jpeg 1110w\" sizes=\"auto, (max-width: 710px) 100vw, 710px\" \/><\/figure>\n<\/div>\n\n\n<p>Superando las copas de los \u00faltimos pinsapos&nbsp;llegamos al puerto de los pilones&nbsp;donde los ni\u00f1os se ven sorprendidos por el&nbsp;horizonte.&nbsp;Hacia el frente,&nbsp;la Torrecilla con su cumbre de forma&nbsp;infantil como la dibujar\u00edan&nbsp;ellos&nbsp;mismos&nbsp;y a la derecha el cerro de la Alcazaba, nuestro objetivo.<\/p>\n\n\n\n<figure class=\"wp-block-image size-large\"><img loading=\"lazy\" decoding=\"async\" width=\"1024\" height=\"576\" src=\"https:\/\/clubsierradelpinar.es\/wp-content\/uploads\/2024\/11\/WhatsApp-Image-2024-11-24-at-20.35.52-4-1024x576.jpeg\" alt=\"\" class=\"wp-image-2157\" srcset=\"https:\/\/clubsierradelpinar.es\/wp-content\/uploads\/2024\/11\/WhatsApp-Image-2024-11-24-at-20.35.52-4-1024x576.jpeg 1024w, https:\/\/clubsierradelpinar.es\/wp-content\/uploads\/2024\/11\/WhatsApp-Image-2024-11-24-at-20.35.52-4-300x169.jpeg 300w, https:\/\/clubsierradelpinar.es\/wp-content\/uploads\/2024\/11\/WhatsApp-Image-2024-11-24-at-20.35.52-4-768x432.jpeg 768w, https:\/\/clubsierradelpinar.es\/wp-content\/uploads\/2024\/11\/WhatsApp-Image-2024-11-24-at-20.35.52-4.jpeg 1084w\" sizes=\"auto, (max-width: 1024px) 100vw, 1024px\" \/><\/figure>\n\n\n\n<p>A&nbsp;nuestra&nbsp;espalda&nbsp;la vista no por ya conocida es menos impresionante&nbsp;pues se divisan todas las sierras pisadas&nbsp;por nosotros desde hace a\u00f1os.&nbsp;Endrinal, del Pinar, Zafalg\u00e1r,&nbsp;del Tabl\u00f3n y otras.<\/p>\n\n\n\n<figure class=\"wp-block-image size-large\"><img loading=\"lazy\" decoding=\"async\" width=\"1024\" height=\"576\" src=\"https:\/\/clubsierradelpinar.es\/wp-content\/uploads\/2024\/11\/WhatsApp-Image-2024-11-24-at-20.35.52-3-1024x576.jpeg\" alt=\"\" class=\"wp-image-2156\" srcset=\"https:\/\/clubsierradelpinar.es\/wp-content\/uploads\/2024\/11\/WhatsApp-Image-2024-11-24-at-20.35.52-3-1024x576.jpeg 1024w, https:\/\/clubsierradelpinar.es\/wp-content\/uploads\/2024\/11\/WhatsApp-Image-2024-11-24-at-20.35.52-3-300x169.jpeg 300w, https:\/\/clubsierradelpinar.es\/wp-content\/uploads\/2024\/11\/WhatsApp-Image-2024-11-24-at-20.35.52-3-768x432.jpeg 768w, https:\/\/clubsierradelpinar.es\/wp-content\/uploads\/2024\/11\/WhatsApp-Image-2024-11-24-at-20.35.52-3.jpeg 1084w\" sizes=\"auto, (max-width: 1024px) 100vw, 1024px\" \/><\/figure>\n\n\n\n<p><\/p>\n\n\n\n<figure class=\"wp-block-image size-large\"><img loading=\"lazy\" decoding=\"async\" width=\"1024\" height=\"576\" src=\"https:\/\/clubsierradelpinar.es\/wp-content\/uploads\/2024\/11\/WhatsApp-Image-2024-11-24-at-20.35.52-5-1024x576.jpeg\" alt=\"\" class=\"wp-image-2160\" srcset=\"https:\/\/clubsierradelpinar.es\/wp-content\/uploads\/2024\/11\/WhatsApp-Image-2024-11-24-at-20.35.52-5-1024x576.jpeg 1024w, https:\/\/clubsierradelpinar.es\/wp-content\/uploads\/2024\/11\/WhatsApp-Image-2024-11-24-at-20.35.52-5-300x169.jpeg 300w, https:\/\/clubsierradelpinar.es\/wp-content\/uploads\/2024\/11\/WhatsApp-Image-2024-11-24-at-20.35.52-5-768x432.jpeg 768w, https:\/\/clubsierradelpinar.es\/wp-content\/uploads\/2024\/11\/WhatsApp-Image-2024-11-24-at-20.35.52-5.jpeg 1084w\" sizes=\"auto, (max-width: 1024px) 100vw, 1024px\" \/><\/figure>\n\n\n\n<p>Dejando a los peques con familiares que los han acompa\u00f1ado hasta aqu\u00ed\u00a0continuamos. Vamos a dar un peque\u00f1o rodeo para visitar el pozo de\u00a0nieve\u00a0y\u00a0las cabeceras de\u00a0las ca\u00f1adas de\u00a0\u201c Las\u00a0\u00c1nimas y de\u00a0Enmedio\u201dotros\u00a0de los variados accesos a estas alturas.\u00a0Tambi\u00e9n tenemos otra vista distinta del\u00a0Puerto de los\u00a0Pilones desde aqu\u00ed.<\/p>\n\n\n\n<p>Desandamos&nbsp;parte del camino hasta llegar al desv\u00edo hacia la Alcazaba&nbsp;y en una plataforma rocosa paramos a comer.<\/p>\n\n\n\n<figure class=\"wp-block-image size-large\"><img loading=\"lazy\" decoding=\"async\" width=\"1024\" height=\"576\" src=\"https:\/\/clubsierradelpinar.es\/wp-content\/uploads\/2024\/11\/WhatsApp-Image-2024-11-24-at-20.35.52-6-1-1024x576.jpeg\" alt=\"\" class=\"wp-image-2159\" srcset=\"https:\/\/clubsierradelpinar.es\/wp-content\/uploads\/2024\/11\/WhatsApp-Image-2024-11-24-at-20.35.52-6-1-1024x576.jpeg 1024w, https:\/\/clubsierradelpinar.es\/wp-content\/uploads\/2024\/11\/WhatsApp-Image-2024-11-24-at-20.35.52-6-1-300x169.jpeg 300w, https:\/\/clubsierradelpinar.es\/wp-content\/uploads\/2024\/11\/WhatsApp-Image-2024-11-24-at-20.35.52-6-1-768x432.jpeg 768w, https:\/\/clubsierradelpinar.es\/wp-content\/uploads\/2024\/11\/WhatsApp-Image-2024-11-24-at-20.35.52-6-1.jpeg 1084w\" sizes=\"auto, (max-width: 1024px) 100vw, 1024px\" \/><\/figure>\n\n\n\n<p>Esta vez hemos almorzado al m\u00e1s puro estilo alpino, sin concesiones, el tiempo justo para reponer fuerzas&nbsp;y asaltar la cumbre.<\/p>\n\n\n\n<p>La luz manda.&nbsp;En&nbsp;estos d\u00edas en que el astro rey&nbsp;nos recorta su presencia no podemos arriesgarnos a bajar a oscuras.<\/p>\n\n\n\n<p>Recobradas las fuerzas,&nbsp;por la cuerda que tenemos delante nos dirigimos&nbsp;hacia las \u00faltimas trepadas que nos dejan en esta modesta&nbsp;cumbre, modesta por altura, pero atalaya preciosa&nbsp;de la Sierra de las Nieves.<\/p>\n\n\n\n<figure class=\"wp-block-image size-large\"><img loading=\"lazy\" decoding=\"async\" width=\"1024\" height=\"576\" src=\"https:\/\/clubsierradelpinar.es\/wp-content\/uploads\/2024\/11\/WhatsApp-Image-2024-11-24-at-20.35.52-7-1024x576.jpeg\" alt=\"\" class=\"wp-image-2161\" srcset=\"https:\/\/clubsierradelpinar.es\/wp-content\/uploads\/2024\/11\/WhatsApp-Image-2024-11-24-at-20.35.52-7-1024x576.jpeg 1024w, https:\/\/clubsierradelpinar.es\/wp-content\/uploads\/2024\/11\/WhatsApp-Image-2024-11-24-at-20.35.52-7-300x169.jpeg 300w, https:\/\/clubsierradelpinar.es\/wp-content\/uploads\/2024\/11\/WhatsApp-Image-2024-11-24-at-20.35.52-7-768x432.jpeg 768w, https:\/\/clubsierradelpinar.es\/wp-content\/uploads\/2024\/11\/WhatsApp-Image-2024-11-24-at-20.35.52-7.jpeg 1084w\" sizes=\"auto, (max-width: 1024px) 100vw, 1024px\" \/><\/figure>\n\n\n\n<p>No podemos menos que conmovernos de lo que nos rodea, nuestra vista en d\u00edas despejados llega hasta \u00c1frica con el mediterr\u00e1neo que nos une con ella&nbsp;de por medio.&nbsp;Los quejigos retorcidos nos muestran&nbsp;que a estas alturas la vida no&nbsp;es f\u00e1cil&nbsp;ni para la&nbsp;propia naturaleza, satisfechos&nbsp;emprendemos el regreso&nbsp;hacia la ca\u00f1ada del cuerno en la cual disfrutamos&nbsp;de un descenso acompa\u00f1ados del dorado que la luz del atardecer le proporciona.<\/p>\n\n\n\n<figure class=\"wp-block-image size-large\"><img loading=\"lazy\" decoding=\"async\" width=\"1024\" height=\"768\" src=\"https:\/\/clubsierradelpinar.es\/wp-content\/uploads\/2024\/11\/WhatsApp-Image-2024-11-24-at-20.35.53-1024x768.jpeg\" alt=\"\" class=\"wp-image-2162\" srcset=\"https:\/\/clubsierradelpinar.es\/wp-content\/uploads\/2024\/11\/WhatsApp-Image-2024-11-24-at-20.35.53-1024x768.jpeg 1024w, https:\/\/clubsierradelpinar.es\/wp-content\/uploads\/2024\/11\/WhatsApp-Image-2024-11-24-at-20.35.53-300x225.jpeg 300w, https:\/\/clubsierradelpinar.es\/wp-content\/uploads\/2024\/11\/WhatsApp-Image-2024-11-24-at-20.35.53-768x576.jpeg 768w, https:\/\/clubsierradelpinar.es\/wp-content\/uploads\/2024\/11\/WhatsApp-Image-2024-11-24-at-20.35.53-1536x1152.jpeg 1536w, https:\/\/clubsierradelpinar.es\/wp-content\/uploads\/2024\/11\/WhatsApp-Image-2024-11-24-at-20.35.53.jpeg 2000w\" sizes=\"auto, (max-width: 1024px) 100vw, 1024px\" \/><\/figure>\n\n\n\n<p>Una vez en el albergue compartimos nuestra experiencia con los peques.<\/p>\n\n\n\n<p>Tras una cerveza de convivencia y la cena en&nbsp;la que&nbsp;disfrutamos de platos preparados por todos desde tortillas y empanadas caseras&nbsp;a ensaladas y los cl\u00e1sicos embutidos ib\u00e9ricos&nbsp;regados con tintos de diversa procedencia.&nbsp;Nos retiramos a descansar.&nbsp;<\/p>\n\n\n<div class=\"wp-block-image\">\n<figure class=\"aligncenter size-large\"><img loading=\"lazy\" decoding=\"async\" width=\"472\" height=\"1024\" src=\"https:\/\/clubsierradelpinar.es\/wp-content\/uploads\/2024\/11\/WhatsApp-Image-2024-11-24-at-21.05.56-472x1024.jpeg\" alt=\"\" class=\"wp-image-2167\" srcset=\"https:\/\/clubsierradelpinar.es\/wp-content\/uploads\/2024\/11\/WhatsApp-Image-2024-11-24-at-21.05.56-472x1024.jpeg 472w, https:\/\/clubsierradelpinar.es\/wp-content\/uploads\/2024\/11\/WhatsApp-Image-2024-11-24-at-21.05.56-138x300.jpeg 138w, https:\/\/clubsierradelpinar.es\/wp-content\/uploads\/2024\/11\/WhatsApp-Image-2024-11-24-at-21.05.56-768x1668.jpeg 768w, https:\/\/clubsierradelpinar.es\/wp-content\/uploads\/2024\/11\/WhatsApp-Image-2024-11-24-at-21.05.56-707x1536.jpeg 707w, https:\/\/clubsierradelpinar.es\/wp-content\/uploads\/2024\/11\/WhatsApp-Image-2024-11-24-at-21.05.56.jpeg 943w\" sizes=\"auto, (max-width: 472px) 100vw, 472px\" \/><\/figure>\n<\/div>\n\n\n<p>DOMINGO D\u00cdA 10<\/p>\n\n\n\n<p>El d\u00eda nos acompa\u00f1a, despu\u00e9s de desayunar&nbsp;temprano recoger&nbsp;y hacernos la foto de grupo en la terraza del&nbsp;albergue&nbsp;algunos&nbsp;compa\u00f1eros y compa\u00f1eras&nbsp;con otros deberes parten de vuelta. El&nbsp;resto&nbsp;salimos&nbsp;desde&nbsp;aqu\u00ed&nbsp;hacia el sendero de Conejeras, cercano al albergue&nbsp;y despu\u00e9s de un par de&nbsp;kil\u00f3metros&nbsp;por la&nbsp;pista nos desviamos&nbsp;ladera arriba sin camino&nbsp;visible&nbsp;intentando suavizar la subida&nbsp;zigzagueando. A trav\u00e9s de un espeso bosque de encinas y matorral vamos avanzando&nbsp;aparentemente sin rumbo, pero con la vista puesta en la cima&nbsp;y disfrutando de esta espesura verde.<\/p>\n\n\n\n<figure class=\"wp-block-image size-large is-resized\"><img loading=\"lazy\" decoding=\"async\" width=\"1024\" height=\"472\" src=\"https:\/\/clubsierradelpinar.es\/wp-content\/uploads\/2024\/11\/WhatsApp-Image-2024-11-24-at-21.06.26-1024x472.jpeg\" alt=\"\" class=\"wp-image-2165\" style=\"width:840px;height:auto\" srcset=\"https:\/\/clubsierradelpinar.es\/wp-content\/uploads\/2024\/11\/WhatsApp-Image-2024-11-24-at-21.06.26-1024x472.jpeg 1024w, https:\/\/clubsierradelpinar.es\/wp-content\/uploads\/2024\/11\/WhatsApp-Image-2024-11-24-at-21.06.26-300x138.jpeg 300w, https:\/\/clubsierradelpinar.es\/wp-content\/uploads\/2024\/11\/WhatsApp-Image-2024-11-24-at-21.06.26-768x354.jpeg 768w, https:\/\/clubsierradelpinar.es\/wp-content\/uploads\/2024\/11\/WhatsApp-Image-2024-11-24-at-21.06.26-1536x707.jpeg 1536w, https:\/\/clubsierradelpinar.es\/wp-content\/uploads\/2024\/11\/WhatsApp-Image-2024-11-24-at-21.06.26.jpeg 2048w\" sizes=\"auto, (max-width: 1024px) 100vw, 1024px\" \/><\/figure>\n\n\n\n<p><\/p>\n\n\n\n<figure class=\"wp-block-image size-large\"><img loading=\"lazy\" decoding=\"async\" width=\"1024\" height=\"768\" src=\"https:\/\/clubsierradelpinar.es\/wp-content\/uploads\/2024\/11\/WhatsApp-Image-2024-11-24-at-21.07.41-1024x768.jpeg\" alt=\"\" class=\"wp-image-2166\" srcset=\"https:\/\/clubsierradelpinar.es\/wp-content\/uploads\/2024\/11\/WhatsApp-Image-2024-11-24-at-21.07.41-1024x768.jpeg 1024w, https:\/\/clubsierradelpinar.es\/wp-content\/uploads\/2024\/11\/WhatsApp-Image-2024-11-24-at-21.07.41-300x225.jpeg 300w, https:\/\/clubsierradelpinar.es\/wp-content\/uploads\/2024\/11\/WhatsApp-Image-2024-11-24-at-21.07.41-768x576.jpeg 768w, https:\/\/clubsierradelpinar.es\/wp-content\/uploads\/2024\/11\/WhatsApp-Image-2024-11-24-at-21.07.41-1536x1152.jpeg 1536w, https:\/\/clubsierradelpinar.es\/wp-content\/uploads\/2024\/11\/WhatsApp-Image-2024-11-24-at-21.07.41.jpeg 1600w\" sizes=\"auto, (max-width: 1024px) 100vw, 1024px\" \/><\/figure>\n\n\n\n<p><\/p>\n\n\n\n<figure class=\"wp-block-image size-large\"><img loading=\"lazy\" decoding=\"async\" width=\"1024\" height=\"625\" src=\"https:\/\/clubsierradelpinar.es\/wp-content\/uploads\/2024\/11\/WhatsApp-Image-2024-11-24-at-21.07.41-2-1024x625.jpeg\" alt=\"\" class=\"wp-image-2169\" srcset=\"https:\/\/clubsierradelpinar.es\/wp-content\/uploads\/2024\/11\/WhatsApp-Image-2024-11-24-at-21.07.41-2-1024x625.jpeg 1024w, https:\/\/clubsierradelpinar.es\/wp-content\/uploads\/2024\/11\/WhatsApp-Image-2024-11-24-at-21.07.41-2-300x183.jpeg 300w, https:\/\/clubsierradelpinar.es\/wp-content\/uploads\/2024\/11\/WhatsApp-Image-2024-11-24-at-21.07.41-2-768x469.jpeg 768w, https:\/\/clubsierradelpinar.es\/wp-content\/uploads\/2024\/11\/WhatsApp-Image-2024-11-24-at-21.07.41-2-1536x938.jpeg 1536w, https:\/\/clubsierradelpinar.es\/wp-content\/uploads\/2024\/11\/WhatsApp-Image-2024-11-24-at-21.07.41-2.jpeg 1600w\" sizes=\"auto, (max-width: 1024px) 100vw, 1024px\" \/><\/figure>\n\n\n\n<p><\/p>\n\n\n\n<figure class=\"wp-block-image size-large\"><img loading=\"lazy\" decoding=\"async\" width=\"1024\" height=\"768\" src=\"https:\/\/clubsierradelpinar.es\/wp-content\/uploads\/2024\/11\/WhatsApp-Image-2024-11-24-at-21.07.41-3-1024x768.jpeg\" alt=\"\" class=\"wp-image-2170\" srcset=\"https:\/\/clubsierradelpinar.es\/wp-content\/uploads\/2024\/11\/WhatsApp-Image-2024-11-24-at-21.07.41-3-1024x768.jpeg 1024w, https:\/\/clubsierradelpinar.es\/wp-content\/uploads\/2024\/11\/WhatsApp-Image-2024-11-24-at-21.07.41-3-300x225.jpeg 300w, https:\/\/clubsierradelpinar.es\/wp-content\/uploads\/2024\/11\/WhatsApp-Image-2024-11-24-at-21.07.41-3-768x576.jpeg 768w, https:\/\/clubsierradelpinar.es\/wp-content\/uploads\/2024\/11\/WhatsApp-Image-2024-11-24-at-21.07.41-3-1536x1152.jpeg 1536w, https:\/\/clubsierradelpinar.es\/wp-content\/uploads\/2024\/11\/WhatsApp-Image-2024-11-24-at-21.07.41-3.jpeg 1600w\" sizes=\"auto, (max-width: 1024px) 100vw, 1024px\" \/><\/figure>\n\n\n\n<p><\/p>\n\n\n\n<figure class=\"wp-block-image size-large\"><img loading=\"lazy\" decoding=\"async\" width=\"1024\" height=\"462\" src=\"https:\/\/clubsierradelpinar.es\/wp-content\/uploads\/2024\/11\/WhatsApp-Image-2024-11-24-at-21.07.41-4-1024x462.jpeg\" alt=\"\" class=\"wp-image-2171\" srcset=\"https:\/\/clubsierradelpinar.es\/wp-content\/uploads\/2024\/11\/WhatsApp-Image-2024-11-24-at-21.07.41-4-1024x462.jpeg 1024w, https:\/\/clubsierradelpinar.es\/wp-content\/uploads\/2024\/11\/WhatsApp-Image-2024-11-24-at-21.07.41-4-300x135.jpeg 300w, https:\/\/clubsierradelpinar.es\/wp-content\/uploads\/2024\/11\/WhatsApp-Image-2024-11-24-at-21.07.41-4-768x346.jpeg 768w, https:\/\/clubsierradelpinar.es\/wp-content\/uploads\/2024\/11\/WhatsApp-Image-2024-11-24-at-21.07.41-4-1536x692.jpeg 1536w, https:\/\/clubsierradelpinar.es\/wp-content\/uploads\/2024\/11\/WhatsApp-Image-2024-11-24-at-21.07.41-4.jpeg 2048w\" sizes=\"auto, (max-width: 1024px) 100vw, 1024px\" \/><\/figure>\n\n\n\n<p>Es apabullador. Salimos del bosque y lo que se nos ofrece a la vista&nbsp;nos recuerda a lo que disfrutamos ayer.<\/p>\n\n\n\n<figure class=\"wp-block-image size-large is-resized\"><img loading=\"lazy\" decoding=\"async\" width=\"1024\" height=\"576\" src=\"https:\/\/clubsierradelpinar.es\/wp-content\/uploads\/2024\/11\/WhatsApp-Image-2024-11-24-at-21.07.42-1024x576.jpeg\" alt=\"\" class=\"wp-image-2172\" style=\"width:840px;height:auto\" srcset=\"https:\/\/clubsierradelpinar.es\/wp-content\/uploads\/2024\/11\/WhatsApp-Image-2024-11-24-at-21.07.42-1024x576.jpeg 1024w, https:\/\/clubsierradelpinar.es\/wp-content\/uploads\/2024\/11\/WhatsApp-Image-2024-11-24-at-21.07.42-300x169.jpeg 300w, https:\/\/clubsierradelpinar.es\/wp-content\/uploads\/2024\/11\/WhatsApp-Image-2024-11-24-at-21.07.42-768x432.jpeg 768w, https:\/\/clubsierradelpinar.es\/wp-content\/uploads\/2024\/11\/WhatsApp-Image-2024-11-24-at-21.07.42-1536x864.jpeg 1536w, https:\/\/clubsierradelpinar.es\/wp-content\/uploads\/2024\/11\/WhatsApp-Image-2024-11-24-at-21.07.42.jpeg 1600w\" sizes=\"auto, (max-width: 1024px) 100vw, 1024px\" \/><\/figure>\n\n\n\n<p><\/p>\n\n\n\n<figure class=\"wp-block-image size-large is-resized\"><img loading=\"lazy\" decoding=\"async\" width=\"1024\" height=\"576\" src=\"https:\/\/clubsierradelpinar.es\/wp-content\/uploads\/2024\/11\/WhatsApp-Image-2024-11-24-at-21.07.42-2-1024x576.jpeg\" alt=\"\" class=\"wp-image-2173\" style=\"width:840px;height:auto\" srcset=\"https:\/\/clubsierradelpinar.es\/wp-content\/uploads\/2024\/11\/WhatsApp-Image-2024-11-24-at-21.07.42-2-1024x576.jpeg 1024w, https:\/\/clubsierradelpinar.es\/wp-content\/uploads\/2024\/11\/WhatsApp-Image-2024-11-24-at-21.07.42-2-300x169.jpeg 300w, https:\/\/clubsierradelpinar.es\/wp-content\/uploads\/2024\/11\/WhatsApp-Image-2024-11-24-at-21.07.42-2-768x432.jpeg 768w, https:\/\/clubsierradelpinar.es\/wp-content\/uploads\/2024\/11\/WhatsApp-Image-2024-11-24-at-21.07.42-2-1536x864.jpeg 1536w, https:\/\/clubsierradelpinar.es\/wp-content\/uploads\/2024\/11\/WhatsApp-Image-2024-11-24-at-21.07.42-2.jpeg 1600w\" sizes=\"auto, (max-width: 1024px) 100vw, 1024px\" \/><\/figure>\n\n\n\n<p><\/p>\n\n\n\n<figure class=\"wp-block-image size-large is-resized\"><img loading=\"lazy\" decoding=\"async\" width=\"1024\" height=\"576\" src=\"https:\/\/clubsierradelpinar.es\/wp-content\/uploads\/2024\/11\/WhatsApp-Image-2024-11-24-at-21.07.42-3-1024x576.jpeg\" alt=\"\" class=\"wp-image-2175\" style=\"width:840px;height:auto\" srcset=\"https:\/\/clubsierradelpinar.es\/wp-content\/uploads\/2024\/11\/WhatsApp-Image-2024-11-24-at-21.07.42-3-1024x576.jpeg 1024w, https:\/\/clubsierradelpinar.es\/wp-content\/uploads\/2024\/11\/WhatsApp-Image-2024-11-24-at-21.07.42-3-300x169.jpeg 300w, https:\/\/clubsierradelpinar.es\/wp-content\/uploads\/2024\/11\/WhatsApp-Image-2024-11-24-at-21.07.42-3-768x432.jpeg 768w, https:\/\/clubsierradelpinar.es\/wp-content\/uploads\/2024\/11\/WhatsApp-Image-2024-11-24-at-21.07.42-3-1536x864.jpeg 1536w, https:\/\/clubsierradelpinar.es\/wp-content\/uploads\/2024\/11\/WhatsApp-Image-2024-11-24-at-21.07.42-3.jpeg 1600w\" sizes=\"auto, (max-width: 1024px) 100vw, 1024px\" \/><\/figure>\n\n\n\n<p><\/p>\n\n\n\n<figure class=\"wp-block-image size-large\"><img loading=\"lazy\" decoding=\"async\" width=\"1024\" height=\"471\" src=\"https:\/\/clubsierradelpinar.es\/wp-content\/uploads\/2024\/11\/WhatsApp-Image-2024-11-24-at-21.07.42-4-1024x471.jpeg\" alt=\"\" class=\"wp-image-2176\" srcset=\"https:\/\/clubsierradelpinar.es\/wp-content\/uploads\/2024\/11\/WhatsApp-Image-2024-11-24-at-21.07.42-4-1024x471.jpeg 1024w, https:\/\/clubsierradelpinar.es\/wp-content\/uploads\/2024\/11\/WhatsApp-Image-2024-11-24-at-21.07.42-4-300x138.jpeg 300w, https:\/\/clubsierradelpinar.es\/wp-content\/uploads\/2024\/11\/WhatsApp-Image-2024-11-24-at-21.07.42-4-768x353.jpeg 768w, https:\/\/clubsierradelpinar.es\/wp-content\/uploads\/2024\/11\/WhatsApp-Image-2024-11-24-at-21.07.42-4-1536x707.jpeg 1536w, https:\/\/clubsierradelpinar.es\/wp-content\/uploads\/2024\/11\/WhatsApp-Image-2024-11-24-at-21.07.42-4.jpeg 2000w\" sizes=\"auto, (max-width: 1024px) 100vw, 1024px\" \/><\/figure>\n\n\n\n<p>Ante nuestros ojos Alcazaba, Torrecilla, puerto de los Pilones&nbsp;y gran parte del Parque Nacional.&nbsp;La mediana altura de esta cumbre&nbsp;nos permite divisar una espl\u00e9ndida panor\u00e1mica, con las manchas verdes a nuestros piesformadas por pinos, encinas&nbsp;y&nbsp;el emblema del parque,&nbsp;el pinsapo<em>&nbsp;\u201cAbies&nbsp;<\/em><em>Pinsapo Boiss\u201d<\/em>&nbsp;tambi\u00e9n podemos apreciar&nbsp;tejos, acebos y enebros.&nbsp;Debajo de este manto&nbsp;verde tambi\u00e9n se encuentran&nbsp;el El\u00e9boro f\u00e9tido&nbsp;y la brecina entre otros.<\/p>\n\n\n\n<p>Iniciamos la vuelta&nbsp;otra vez inmersos en el bosque, felices por lo vivido y un poco apenados por terminarse este fin de semana de monta\u00f1a y convivencia&nbsp;que quedar\u00e1 vivo en nuestro recuerdo durante mucho tiempo.<\/p>\n\n\n\n<figure class=\"wp-block-image size-large\"><img loading=\"lazy\" decoding=\"async\" width=\"1024\" height=\"576\" src=\"https:\/\/clubsierradelpinar.es\/wp-content\/uploads\/2024\/11\/WhatsApp-Image-2024-11-24-at-21.07.42-5-1024x576.jpeg\" alt=\"\" class=\"wp-image-2174\" srcset=\"https:\/\/clubsierradelpinar.es\/wp-content\/uploads\/2024\/11\/WhatsApp-Image-2024-11-24-at-21.07.42-5-1024x576.jpeg 1024w, https:\/\/clubsierradelpinar.es\/wp-content\/uploads\/2024\/11\/WhatsApp-Image-2024-11-24-at-21.07.42-5-300x169.jpeg 300w, https:\/\/clubsierradelpinar.es\/wp-content\/uploads\/2024\/11\/WhatsApp-Image-2024-11-24-at-21.07.42-5-768x432.jpeg 768w, https:\/\/clubsierradelpinar.es\/wp-content\/uploads\/2024\/11\/WhatsApp-Image-2024-11-24-at-21.07.42-5-1536x864.jpeg 1536w, https:\/\/clubsierradelpinar.es\/wp-content\/uploads\/2024\/11\/WhatsApp-Image-2024-11-24-at-21.07.42-5.jpeg 1600w\" sizes=\"auto, (max-width: 1024px) 100vw, 1024px\" \/><\/figure>\n\n\n\n<p>Desde aqu\u00ed quiero agradecer a todas las personas que&nbsp;noshan acompa\u00f1ado este fin de semana.<\/p>\n\n\n\n<p>A&nbsp;las que lo han hecho posible&nbsp;por su dedicaci\u00f3n y entrega. En especial a&nbsp;Ita&nbsp;por&nbsp;su gesti\u00f3n y organizaci\u00f3n impecables y a nuestro presidente \u201cyiyi\u201d que despu\u00e9s de su grave accidente se encuentra recuperado&nbsp;y nos ha acompa\u00f1ado y organizado las salidas, aunque no pueda realizarlas todav\u00eda.&nbsp;Tiempo al tiempo.&nbsp;<\/p>\n\n\n\n<p>Por mi parte ha sido un placer&nbsp;llevar a este grupo tan unido paciente y andar\u00edn. Gracias.<\/p>\n\n\n\n<p class=\"has-text-align-right\">Gu\u00eda: J.Antonio Rios. Autor del Texto: J.Antonio Rios. Autores de las Fotos: Paco Nova, Pepe Robert y Socios del club.<\/p>\n\n\n\n<p><\/p>\n","protected":false},"excerpt":{"rendered":"<p>Con un poco de retraso\u00a0debido a dificultades de reserva y agenda,\u00a0los d\u00edas 8, 9 y 10 de noviembre\u00a0celebramos nuestra \u00a0acampada inaugural de este a\u00f1o. Para esta ocasi\u00f3n elegimos el\u00a0recientemente nombrado Parque Nacional Sierra de las Nieves\u00a0y como base el albergue del camping municipal de\u00a0Parauta\u00a0y sus\u00a0magn\u00edficas\u00a0instalaciones.<\/p>\n","protected":false},"author":2,"featured_media":2176,"comment_status":"open","ping_status":"open","sticky":false,"template":"","format":"standard","meta":{"footnotes":""},"categories":[48],"tags":[],"class_list":["post-2150","post","type-post","status-publish","format-standard","has-post-thumbnail","hentry","category-senderismo"],"yoast_head":"<!-- This site is optimized with the Yoast SEO plugin v27.3 - https:\/\/yoast.com\/product\/yoast-seo-wordpress\/ -->\n<title>Acampada Inaugural - Club Monta&ntilde;ero Sierra del Pinar<\/title>\n<meta name=\"robots\" content=\"index, follow, max-snippet:-1, max-image-preview:large, max-video-preview:-1\" \/>\n<link rel=\"canonical\" href=\"https:\/\/clubsierradelpinar.es\/index.php\/2024\/11\/24\/acampada-inaugural-3\/\" \/>\n<meta property=\"og:locale\" content=\"es_ES\" \/>\n<meta property=\"og:type\" content=\"article\" \/>\n<meta property=\"og:title\" content=\"Acampada Inaugural - Club Monta&ntilde;ero Sierra del Pinar\" \/>\n<meta property=\"og:description\" content=\"Con un poco de retraso\u00a0debido a dificultades de reserva y agenda,\u00a0los d\u00edas 8, 9 y 10 de noviembre\u00a0celebramos nuestra \u00a0acampada inaugural de este a\u00f1o. Para esta ocasi\u00f3n elegimos el\u00a0recientemente nombrado Parque Nacional Sierra de las Nieves\u00a0y como base el albergue del camping municipal de\u00a0Parauta\u00a0y sus\u00a0magn\u00edficas\u00a0instalaciones.\" \/>\n<meta property=\"og:url\" content=\"https:\/\/clubsierradelpinar.es\/index.php\/2024\/11\/24\/acampada-inaugural-3\/\" \/>\n<meta property=\"og:site_name\" content=\"Club Monta&ntilde;ero Sierra del Pinar\" \/>\n<meta property=\"article:publisher\" content=\"https:\/\/www.facebook.com\/montaneros.sierradelpinar\" \/>\n<meta property=\"article:author\" content=\"https:\/\/www.facebook.com\/montaneros.sierradelpinar\/\" \/>\n<meta property=\"article:published_time\" content=\"2024-11-24T20:33:18+00:00\" \/>\n<meta property=\"article:modified_time\" content=\"2024-11-24T20:35:33+00:00\" \/>\n<meta property=\"og:image\" content=\"https:\/\/clubsierradelpinar.es\/wp-content\/uploads\/2024\/11\/WhatsApp-Image-2024-11-24-at-21.07.42-4.jpeg\" \/>\n\t<meta property=\"og:image:width\" content=\"2000\" \/>\n\t<meta property=\"og:image:height\" content=\"920\" \/>\n\t<meta property=\"og:image:type\" content=\"image\/jpeg\" \/>\n<meta name=\"author\" content=\"Club Monta\u00f1ero Sierra del Pinar\" \/>\n<meta name=\"twitter:card\" content=\"summary_large_image\" \/>\n<meta name=\"twitter:creator\" content=\"@sierradelpinar\" \/>\n<meta name=\"twitter:site\" content=\"@sierradelpinar\" \/>\n<meta name=\"twitter:label1\" content=\"Escrito por\" \/>\n\t<meta name=\"twitter:data1\" content=\"Club Monta\u00f1ero Sierra del Pinar\" \/>\n\t<meta name=\"twitter:label2\" content=\"Tiempo de lectura\" \/>\n\t<meta name=\"twitter:data2\" content=\"10 minutos\" \/>\n<script type=\"application\/ld+json\" class=\"yoast-schema-graph\">{\"@context\":\"https:\\\/\\\/schema.org\",\"@graph\":[{\"@type\":\"Article\",\"@id\":\"https:\\\/\\\/clubsierradelpinar.es\\\/index.php\\\/2024\\\/11\\\/24\\\/acampada-inaugural-3\\\/#article\",\"isPartOf\":{\"@id\":\"https:\\\/\\\/clubsierradelpinar.es\\\/index.php\\\/2024\\\/11\\\/24\\\/acampada-inaugural-3\\\/\"},\"author\":{\"name\":\"Club Monta\u00f1ero Sierra del Pinar\",\"@id\":\"https:\\\/\\\/clubsierradelpinar.es\\\/#\\\/schema\\\/person\\\/b97c28bad1e5ab53603e57141f123c13\"},\"headline\":\"Acampada Inaugural\",\"datePublished\":\"2024-11-24T20:33:18+00:00\",\"dateModified\":\"2024-11-24T20:35:33+00:00\",\"mainEntityOfPage\":{\"@id\":\"https:\\\/\\\/clubsierradelpinar.es\\\/index.php\\\/2024\\\/11\\\/24\\\/acampada-inaugural-3\\\/\"},\"wordCount\":1245,\"commentCount\":0,\"publisher\":{\"@id\":\"https:\\\/\\\/clubsierradelpinar.es\\\/#organization\"},\"image\":{\"@id\":\"https:\\\/\\\/clubsierradelpinar.es\\\/index.php\\\/2024\\\/11\\\/24\\\/acampada-inaugural-3\\\/#primaryimage\"},\"thumbnailUrl\":\"https:\\\/\\\/clubsierradelpinar.es\\\/wp-content\\\/uploads\\\/2024\\\/11\\\/WhatsApp-Image-2024-11-24-at-21.07.42-4.jpeg\",\"articleSection\":[\"Senderismo\"],\"inLanguage\":\"es\",\"potentialAction\":[{\"@type\":\"CommentAction\",\"name\":\"Comment\",\"target\":[\"https:\\\/\\\/clubsierradelpinar.es\\\/index.php\\\/2024\\\/11\\\/24\\\/acampada-inaugural-3\\\/#respond\"]}]},{\"@type\":\"WebPage\",\"@id\":\"https:\\\/\\\/clubsierradelpinar.es\\\/index.php\\\/2024\\\/11\\\/24\\\/acampada-inaugural-3\\\/\",\"url\":\"https:\\\/\\\/clubsierradelpinar.es\\\/index.php\\\/2024\\\/11\\\/24\\\/acampada-inaugural-3\\\/\",\"name\":\"Acampada Inaugural - Club Monta&ntilde;ero Sierra del Pinar\",\"isPartOf\":{\"@id\":\"https:\\\/\\\/clubsierradelpinar.es\\\/#website\"},\"primaryImageOfPage\":{\"@id\":\"https:\\\/\\\/clubsierradelpinar.es\\\/index.php\\\/2024\\\/11\\\/24\\\/acampada-inaugural-3\\\/#primaryimage\"},\"image\":{\"@id\":\"https:\\\/\\\/clubsierradelpinar.es\\\/index.php\\\/2024\\\/11\\\/24\\\/acampada-inaugural-3\\\/#primaryimage\"},\"thumbnailUrl\":\"https:\\\/\\\/clubsierradelpinar.es\\\/wp-content\\\/uploads\\\/2024\\\/11\\\/WhatsApp-Image-2024-11-24-at-21.07.42-4.jpeg\",\"datePublished\":\"2024-11-24T20:33:18+00:00\",\"dateModified\":\"2024-11-24T20:35:33+00:00\",\"breadcrumb\":{\"@id\":\"https:\\\/\\\/clubsierradelpinar.es\\\/index.php\\\/2024\\\/11\\\/24\\\/acampada-inaugural-3\\\/#breadcrumb\"},\"inLanguage\":\"es\",\"potentialAction\":[{\"@type\":\"ReadAction\",\"target\":[\"https:\\\/\\\/clubsierradelpinar.es\\\/index.php\\\/2024\\\/11\\\/24\\\/acampada-inaugural-3\\\/\"]}]},{\"@type\":\"ImageObject\",\"inLanguage\":\"es\",\"@id\":\"https:\\\/\\\/clubsierradelpinar.es\\\/index.php\\\/2024\\\/11\\\/24\\\/acampada-inaugural-3\\\/#primaryimage\",\"url\":\"https:\\\/\\\/clubsierradelpinar.es\\\/wp-content\\\/uploads\\\/2024\\\/11\\\/WhatsApp-Image-2024-11-24-at-21.07.42-4.jpeg\",\"contentUrl\":\"https:\\\/\\\/clubsierradelpinar.es\\\/wp-content\\\/uploads\\\/2024\\\/11\\\/WhatsApp-Image-2024-11-24-at-21.07.42-4.jpeg\",\"width\":2000,\"height\":920},{\"@type\":\"BreadcrumbList\",\"@id\":\"https:\\\/\\\/clubsierradelpinar.es\\\/index.php\\\/2024\\\/11\\\/24\\\/acampada-inaugural-3\\\/#breadcrumb\",\"itemListElement\":[{\"@type\":\"ListItem\",\"position\":1,\"name\":\"Portada\",\"item\":\"https:\\\/\\\/clubsierradelpinar.es\\\/\"},{\"@type\":\"ListItem\",\"position\":2,\"name\":\"Acampada Inaugural\"}]},{\"@type\":\"WebSite\",\"@id\":\"https:\\\/\\\/clubsierradelpinar.es\\\/#website\",\"url\":\"https:\\\/\\\/clubsierradelpinar.es\\\/\",\"name\":\"Club Monta&ntilde;ero Sierra del Pinar\",\"description\":\"Subiendo monta&ntilde;as desde 1971\",\"publisher\":{\"@id\":\"https:\\\/\\\/clubsierradelpinar.es\\\/#organization\"},\"potentialAction\":[{\"@type\":\"SearchAction\",\"target\":{\"@type\":\"EntryPoint\",\"urlTemplate\":\"https:\\\/\\\/clubsierradelpinar.es\\\/?s={search_term_string}\"},\"query-input\":{\"@type\":\"PropertyValueSpecification\",\"valueRequired\":true,\"valueName\":\"search_term_string\"}}],\"inLanguage\":\"es\"},{\"@type\":\"Organization\",\"@id\":\"https:\\\/\\\/clubsierradelpinar.es\\\/#organization\",\"name\":\"Club Monta\u00f1ero Sierra del Pinar\",\"url\":\"https:\\\/\\\/clubsierradelpinar.es\\\/\",\"logo\":{\"@type\":\"ImageObject\",\"inLanguage\":\"es\",\"@id\":\"https:\\\/\\\/clubsierradelpinar.es\\\/#\\\/schema\\\/logo\\\/image\\\/\",\"url\":\"https:\\\/\\\/clubsierradelpinar.es\\\/wp-content\\\/uploads\\\/2021\\\/11\\\/cropped-logo.png\",\"contentUrl\":\"https:\\\/\\\/clubsierradelpinar.es\\\/wp-content\\\/uploads\\\/2021\\\/11\\\/cropped-logo.png\",\"width\":512,\"height\":512,\"caption\":\"Club Monta\u00f1ero Sierra del Pinar\"},\"image\":{\"@id\":\"https:\\\/\\\/clubsierradelpinar.es\\\/#\\\/schema\\\/logo\\\/image\\\/\"},\"sameAs\":[\"https:\\\/\\\/www.facebook.com\\\/montaneros.sierradelpinar\",\"https:\\\/\\\/x.com\\\/sierradelpinar\",\"https:\\\/\\\/www.instagram.com\\\/sierradelpinar\\\/\"]},{\"@type\":\"Person\",\"@id\":\"https:\\\/\\\/clubsierradelpinar.es\\\/#\\\/schema\\\/person\\\/b97c28bad1e5ab53603e57141f123c13\",\"name\":\"Club Monta\u00f1ero Sierra del Pinar\",\"image\":{\"@type\":\"ImageObject\",\"inLanguage\":\"es\",\"@id\":\"https:\\\/\\\/secure.gravatar.com\\\/avatar\\\/662a4c1e48a4d4b2ba7d48f27859771e93c8976e8b986829cb508926aeec8feb?s=96&d=mm&r=g\",\"url\":\"https:\\\/\\\/secure.gravatar.com\\\/avatar\\\/662a4c1e48a4d4b2ba7d48f27859771e93c8976e8b986829cb508926aeec8feb?s=96&d=mm&r=g\",\"contentUrl\":\"https:\\\/\\\/secure.gravatar.com\\\/avatar\\\/662a4c1e48a4d4b2ba7d48f27859771e93c8976e8b986829cb508926aeec8feb?s=96&d=mm&r=g\",\"caption\":\"Club Monta\u00f1ero Sierra del Pinar\"},\"description\":\"Subiendo monta\u00f1as desde 1971\",\"sameAs\":[\"https:\\\/\\\/clubsierradelpinar.es\",\"https:\\\/\\\/www.facebook.com\\\/montaneros.sierradelpinar\\\/\",\"https:\\\/\\\/www.instagram.com\\\/sierradelpinar\\\/\",\"https:\\\/\\\/x.com\\\/sierradelpinar\",\"https:\\\/\\\/www.youtube.com\\\/channel\\\/UCDOkEXLUJjNkLoIrKWYv38w\"],\"url\":\"https:\\\/\\\/clubsierradelpinar.es\\\/index.php\\\/author\\\/club\\\/\"}]}<\/script>\n<!-- \/ Yoast SEO plugin. -->","yoast_head_json":{"title":"Acampada Inaugural - Club Monta&ntilde;ero Sierra del Pinar","robots":{"index":"index","follow":"follow","max-snippet":"max-snippet:-1","max-image-preview":"max-image-preview:large","max-video-preview":"max-video-preview:-1"},"canonical":"https:\/\/clubsierradelpinar.es\/index.php\/2024\/11\/24\/acampada-inaugural-3\/","og_locale":"es_ES","og_type":"article","og_title":"Acampada Inaugural - Club Monta&ntilde;ero Sierra del Pinar","og_description":"Con un poco de retraso\u00a0debido a dificultades de reserva y agenda,\u00a0los d\u00edas 8, 9 y 10 de noviembre\u00a0celebramos nuestra \u00a0acampada inaugural de este a\u00f1o. Para esta ocasi\u00f3n elegimos el\u00a0recientemente nombrado Parque Nacional Sierra de las Nieves\u00a0y como base el albergue del camping municipal de\u00a0Parauta\u00a0y sus\u00a0magn\u00edficas\u00a0instalaciones.","og_url":"https:\/\/clubsierradelpinar.es\/index.php\/2024\/11\/24\/acampada-inaugural-3\/","og_site_name":"Club Monta&ntilde;ero Sierra del Pinar","article_publisher":"https:\/\/www.facebook.com\/montaneros.sierradelpinar","article_author":"https:\/\/www.facebook.com\/montaneros.sierradelpinar\/","article_published_time":"2024-11-24T20:33:18+00:00","article_modified_time":"2024-11-24T20:35:33+00:00","og_image":[{"width":2000,"height":920,"url":"https:\/\/clubsierradelpinar.es\/wp-content\/uploads\/2024\/11\/WhatsApp-Image-2024-11-24-at-21.07.42-4.jpeg","type":"image\/jpeg"}],"author":"Club Monta\u00f1ero Sierra del Pinar","twitter_card":"summary_large_image","twitter_creator":"@sierradelpinar","twitter_site":"@sierradelpinar","twitter_misc":{"Escrito por":"Club Monta\u00f1ero Sierra del Pinar","Tiempo de lectura":"10 minutos"},"schema":{"@context":"https:\/\/schema.org","@graph":[{"@type":"Article","@id":"https:\/\/clubsierradelpinar.es\/index.php\/2024\/11\/24\/acampada-inaugural-3\/#article","isPartOf":{"@id":"https:\/\/clubsierradelpinar.es\/index.php\/2024\/11\/24\/acampada-inaugural-3\/"},"author":{"name":"Club Monta\u00f1ero Sierra del Pinar","@id":"https:\/\/clubsierradelpinar.es\/#\/schema\/person\/b97c28bad1e5ab53603e57141f123c13"},"headline":"Acampada Inaugural","datePublished":"2024-11-24T20:33:18+00:00","dateModified":"2024-11-24T20:35:33+00:00","mainEntityOfPage":{"@id":"https:\/\/clubsierradelpinar.es\/index.php\/2024\/11\/24\/acampada-inaugural-3\/"},"wordCount":1245,"commentCount":0,"publisher":{"@id":"https:\/\/clubsierradelpinar.es\/#organization"},"image":{"@id":"https:\/\/clubsierradelpinar.es\/index.php\/2024\/11\/24\/acampada-inaugural-3\/#primaryimage"},"thumbnailUrl":"https:\/\/clubsierradelpinar.es\/wp-content\/uploads\/2024\/11\/WhatsApp-Image-2024-11-24-at-21.07.42-4.jpeg","articleSection":["Senderismo"],"inLanguage":"es","potentialAction":[{"@type":"CommentAction","name":"Comment","target":["https:\/\/clubsierradelpinar.es\/index.php\/2024\/11\/24\/acampada-inaugural-3\/#respond"]}]},{"@type":"WebPage","@id":"https:\/\/clubsierradelpinar.es\/index.php\/2024\/11\/24\/acampada-inaugural-3\/","url":"https:\/\/clubsierradelpinar.es\/index.php\/2024\/11\/24\/acampada-inaugural-3\/","name":"Acampada Inaugural - Club Monta&ntilde;ero Sierra del Pinar","isPartOf":{"@id":"https:\/\/clubsierradelpinar.es\/#website"},"primaryImageOfPage":{"@id":"https:\/\/clubsierradelpinar.es\/index.php\/2024\/11\/24\/acampada-inaugural-3\/#primaryimage"},"image":{"@id":"https:\/\/clubsierradelpinar.es\/index.php\/2024\/11\/24\/acampada-inaugural-3\/#primaryimage"},"thumbnailUrl":"https:\/\/clubsierradelpinar.es\/wp-content\/uploads\/2024\/11\/WhatsApp-Image-2024-11-24-at-21.07.42-4.jpeg","datePublished":"2024-11-24T20:33:18+00:00","dateModified":"2024-11-24T20:35:33+00:00","breadcrumb":{"@id":"https:\/\/clubsierradelpinar.es\/index.php\/2024\/11\/24\/acampada-inaugural-3\/#breadcrumb"},"inLanguage":"es","potentialAction":[{"@type":"ReadAction","target":["https:\/\/clubsierradelpinar.es\/index.php\/2024\/11\/24\/acampada-inaugural-3\/"]}]},{"@type":"ImageObject","inLanguage":"es","@id":"https:\/\/clubsierradelpinar.es\/index.php\/2024\/11\/24\/acampada-inaugural-3\/#primaryimage","url":"https:\/\/clubsierradelpinar.es\/wp-content\/uploads\/2024\/11\/WhatsApp-Image-2024-11-24-at-21.07.42-4.jpeg","contentUrl":"https:\/\/clubsierradelpinar.es\/wp-content\/uploads\/2024\/11\/WhatsApp-Image-2024-11-24-at-21.07.42-4.jpeg","width":2000,"height":920},{"@type":"BreadcrumbList","@id":"https:\/\/clubsierradelpinar.es\/index.php\/2024\/11\/24\/acampada-inaugural-3\/#breadcrumb","itemListElement":[{"@type":"ListItem","position":1,"name":"Portada","item":"https:\/\/clubsierradelpinar.es\/"},{"@type":"ListItem","position":2,"name":"Acampada Inaugural"}]},{"@type":"WebSite","@id":"https:\/\/clubsierradelpinar.es\/#website","url":"https:\/\/clubsierradelpinar.es\/","name":"Club Monta&ntilde;ero Sierra del Pinar","description":"Subiendo monta&ntilde;as desde 1971","publisher":{"@id":"https:\/\/clubsierradelpinar.es\/#organization"},"potentialAction":[{"@type":"SearchAction","target":{"@type":"EntryPoint","urlTemplate":"https:\/\/clubsierradelpinar.es\/?s={search_term_string}"},"query-input":{"@type":"PropertyValueSpecification","valueRequired":true,"valueName":"search_term_string"}}],"inLanguage":"es"},{"@type":"Organization","@id":"https:\/\/clubsierradelpinar.es\/#organization","name":"Club Monta\u00f1ero Sierra del Pinar","url":"https:\/\/clubsierradelpinar.es\/","logo":{"@type":"ImageObject","inLanguage":"es","@id":"https:\/\/clubsierradelpinar.es\/#\/schema\/logo\/image\/","url":"https:\/\/clubsierradelpinar.es\/wp-content\/uploads\/2021\/11\/cropped-logo.png","contentUrl":"https:\/\/clubsierradelpinar.es\/wp-content\/uploads\/2021\/11\/cropped-logo.png","width":512,"height":512,"caption":"Club Monta\u00f1ero Sierra del Pinar"},"image":{"@id":"https:\/\/clubsierradelpinar.es\/#\/schema\/logo\/image\/"},"sameAs":["https:\/\/www.facebook.com\/montaneros.sierradelpinar","https:\/\/x.com\/sierradelpinar","https:\/\/www.instagram.com\/sierradelpinar\/"]},{"@type":"Person","@id":"https:\/\/clubsierradelpinar.es\/#\/schema\/person\/b97c28bad1e5ab53603e57141f123c13","name":"Club Monta\u00f1ero Sierra del Pinar","image":{"@type":"ImageObject","inLanguage":"es","@id":"https:\/\/secure.gravatar.com\/avatar\/662a4c1e48a4d4b2ba7d48f27859771e93c8976e8b986829cb508926aeec8feb?s=96&d=mm&r=g","url":"https:\/\/secure.gravatar.com\/avatar\/662a4c1e48a4d4b2ba7d48f27859771e93c8976e8b986829cb508926aeec8feb?s=96&d=mm&r=g","contentUrl":"https:\/\/secure.gravatar.com\/avatar\/662a4c1e48a4d4b2ba7d48f27859771e93c8976e8b986829cb508926aeec8feb?s=96&d=mm&r=g","caption":"Club Monta\u00f1ero Sierra del Pinar"},"description":"Subiendo monta\u00f1as desde 1971","sameAs":["https:\/\/clubsierradelpinar.es","https:\/\/www.facebook.com\/montaneros.sierradelpinar\/","https:\/\/www.instagram.com\/sierradelpinar\/","https:\/\/x.com\/sierradelpinar","https:\/\/www.youtube.com\/channel\/UCDOkEXLUJjNkLoIrKWYv38w"],"url":"https:\/\/clubsierradelpinar.es\/index.php\/author\/club\/"}]}},"_links":{"self":[{"href":"https:\/\/clubsierradelpinar.es\/index.php\/wp-json\/wp\/v2\/posts\/2150","targetHints":{"allow":["GET"]}}],"collection":[{"href":"https:\/\/clubsierradelpinar.es\/index.php\/wp-json\/wp\/v2\/posts"}],"about":[{"href":"https:\/\/clubsierradelpinar.es\/index.php\/wp-json\/wp\/v2\/types\/post"}],"author":[{"embeddable":true,"href":"https:\/\/clubsierradelpinar.es\/index.php\/wp-json\/wp\/v2\/users\/2"}],"replies":[{"embeddable":true,"href":"https:\/\/clubsierradelpinar.es\/index.php\/wp-json\/wp\/v2\/comments?post=2150"}],"version-history":[{"count":6,"href":"https:\/\/clubsierradelpinar.es\/index.php\/wp-json\/wp\/v2\/posts\/2150\/revisions"}],"predecessor-version":[{"id":2180,"href":"https:\/\/clubsierradelpinar.es\/index.php\/wp-json\/wp\/v2\/posts\/2150\/revisions\/2180"}],"wp:featuredmedia":[{"embeddable":true,"href":"https:\/\/clubsierradelpinar.es\/index.php\/wp-json\/wp\/v2\/media\/2176"}],"wp:attachment":[{"href":"https:\/\/clubsierradelpinar.es\/index.php\/wp-json\/wp\/v2\/media?parent=2150"}],"wp:term":[{"taxonomy":"category","embeddable":true,"href":"https:\/\/clubsierradelpinar.es\/index.php\/wp-json\/wp\/v2\/categories?post=2150"},{"taxonomy":"post_tag","embeddable":true,"href":"https:\/\/clubsierradelpinar.es\/index.php\/wp-json\/wp\/v2\/tags?post=2150"}],"curies":[{"name":"wp","href":"https:\/\/api.w.org\/{rel}","templated":true}]}}