{"id":2055,"date":"2024-03-20T18:31:53","date_gmt":"2024-03-20T17:31:53","guid":{"rendered":"https:\/\/clubsierradelpinar.es\/?p=2055"},"modified":"2024-03-20T18:31:56","modified_gmt":"2024-03-20T17:31:56","slug":"un-fotografo-epico","status":"publish","type":"post","link":"https:\/\/clubsierradelpinar.es\/index.php\/2024\/03\/20\/un-fotografo-epico\/","title":{"rendered":"Un fot\u00f3grafo \u00e9pico"},"content":{"rendered":"\n<blockquote class=\"wp-block-quote is-layout-flow wp-block-quote-is-layout-flow\">\n<p>El pasado febrero se cumpli\u00f3 un triste aniversario del fallecimiento de \u00c1ngel Ricardo, persona desconocida para la mayor\u00eda de nosotros pero importante para todos los amantes del monta\u00f1ismo e inolvidable para los que convivieron con \u00e9l, una persona que lo conoci\u00f3 me ha enviado este art\u00edculo que hemos deseado compartir con vosotros.<\/p>\n<cite>Jos\u00e9 A. R\u00edos Pan<\/cite><\/blockquote>\n\n\n\n<p>La historia de \u00c1ngel Ricardo es una historia \u00e9pica, de esas que te dejan boquiabierto. Este fotoperiodista ovetense se introdujo en el mundo de la fotograf\u00eda con apenas 14 a\u00f1os y, desde entonces, no dej\u00f3 de trabajar en lo que m\u00e1s le gustaba, capturar momentos y emociones a trav\u00e9s de su c\u00e1mara. Pero el gran logro de \u00c1ngel Ricardo lleg\u00f3 en 1973 cuando cubri\u00f3 el primer ascenso invernal a la cara oeste del Naranjo de Bulnes.<\/p>\n\n\n<div class=\"wp-block-image\">\n<figure class=\"aligncenter size-full\"><img loading=\"lazy\" decoding=\"async\" width=\"880\" height=\"495\" src=\"https:\/\/clubsierradelpinar.es\/wp-content\/uploads\/2024\/03\/angel-ricardo_02.jpeg\" alt=\"\" class=\"wp-image-2057\" srcset=\"https:\/\/clubsierradelpinar.es\/wp-content\/uploads\/2024\/03\/angel-ricardo_02.jpeg 880w, https:\/\/clubsierradelpinar.es\/wp-content\/uploads\/2024\/03\/angel-ricardo_02-300x169.jpeg 300w, https:\/\/clubsierradelpinar.es\/wp-content\/uploads\/2024\/03\/angel-ricardo_02-768x432.jpeg 768w\" sizes=\"auto, (max-width: 880px) 100vw, 880px\" \/><\/figure>\n<\/div>\n\n\n<div style=\"height:45px\" aria-hidden=\"true\" class=\"wp-block-spacer\"><\/div>\n\n\n\n<p>\u00c9l era un joven colaborador de <em>La Nueva Espa\u00f1a<\/em>, esperando impaciente a que los escaladores P\u00e9rez de Tudela, Ortega, Lucas y Garc\u00eda Gallego coronaran la cima. Pero el lento ascenso de los escaladores le hac\u00eda perder otros encargos, y en sus ansias por liquidar el trabajo, decidi\u00f3 ascender al Urriellu por la canal de Camburero para capturar las fotos desde un \u00e1ngulo \u00fanico.<\/p>\n\n\n\n<p>Acompa\u00f1ado por un pastor de la zona y armado con dos c\u00e1maras y un magnet\u00f3fono, \u00c1ngel Ricardo inici\u00f3 la ruta por la canal de Camburero. Era una temeridad, iba con unas <em>chirucas<\/em> que le dejaban los pies empapados y se encontraba en una pendiente terrible. Pero su determinaci\u00f3n y pasi\u00f3n por su trabajo le llevaron a conseguir un \u00e1ngulo extraordinario para sacar el ascenso en su punto clave, y con una proximidad abrumadora.<\/p>\n\n\n\n<p>Despu\u00e9s de tomar las fotos hist\u00f3ricas de aquella gesta, iniciaron el descenso a toda pastilla, alcanzando Bulnes ya de noche. Pasaban las doce cuando lleg\u00f3 a la redacci\u00f3n de <em>La Nueva Espa\u00f1a<\/em>, en Oviedo, pero el jefe de cierre, Juan de Lillo, levant\u00f3 varias p\u00e1ginas para dar la exclusiva. Al d\u00eda siguiente, la portada del peri\u00f3dico anunciaba, con una foto de \u00c1ngel Ricardo, que la invernal del Naranjo hab\u00eda sido vencida.<\/p>\n\n\n<div class=\"wp-block-image\">\n<figure class=\"aligncenter size-large\"><img loading=\"lazy\" decoding=\"async\" width=\"744\" height=\"1024\" src=\"https:\/\/clubsierradelpinar.es\/wp-content\/uploads\/2024\/03\/angel-ricardo_03-744x1024.jpeg\" alt=\"\" class=\"wp-image-2056\" srcset=\"https:\/\/clubsierradelpinar.es\/wp-content\/uploads\/2024\/03\/angel-ricardo_03-744x1024.jpeg 744w, https:\/\/clubsierradelpinar.es\/wp-content\/uploads\/2024\/03\/angel-ricardo_03-218x300.jpeg 218w, https:\/\/clubsierradelpinar.es\/wp-content\/uploads\/2024\/03\/angel-ricardo_03-768x1057.jpeg 768w, https:\/\/clubsierradelpinar.es\/wp-content\/uploads\/2024\/03\/angel-ricardo_03.jpeg 1080w\" sizes=\"auto, (max-width: 744px) 100vw, 744px\" \/><\/figure>\n<\/div>\n\n\n<div style=\"height:45px\" aria-hidden=\"true\" class=\"wp-block-spacer\"><\/div>\n\n\n\n<p>La historia de \u00c1ngel Ricardo nos ense\u00f1a que la insistencia, la pasi\u00f3n y la determinaci\u00f3n son claves para alcanzar el \u00e9xito. \u00c1ngel Ricardo arriesg\u00f3 su vida para conseguir las fotos que le dieron fama y prestigio, pero tambi\u00e9n le ense\u00f1\u00f3 a no conformarse y a buscar siempre la excelencia en su trabajo. Adem\u00e1s, la historia de \u00c1ngel Ricardo nos muestra que, a veces, para conseguir nuestros objetivos debemos salir de nuestra zona de confort y arriesgarnos. \u00c1ngel Ricardo tom\u00f3 la decisi\u00f3n de ascender al Urriellu por la canal de Camburero en busca de un \u00e1ngulo \u00fanico para sus fotos a pesar de las condiciones extremas y los riesgos que esto supon\u00eda.<\/p>\n\n\n\n<p>La historia de \u00c1ngel Ricardo es una historia de emprendimiento y de mentalidad de crecimiento. \u00c9l fue un pionero en su campo, alguien que arriesg\u00f3 todo para capturar momentos \u00fanicos en la historia de la fotograf\u00eda y de la monta\u00f1a. Su legado perdura en el tiempo y nopicus inspira a todos a seguir nuestros sue\u00f1os con pasi\u00f3n y determinaci\u00f3n. Adem\u00e1s, para m\u00ed, la historia de \u00c1ngel Ricardo tiene un significado especial; \u00e9l era el padre de mi amigo \u00c1ngel y me enter\u00e9 de esta historia \u00e9pica en su funeral. Fue entonces cuando descubr\u00ed el legado que hab\u00eda dejado y me pareci\u00f3 m\u00e1gica su historia, como todo lo que rodea al <em>picu<\/em> Urriellu. <\/p>\n\n\n<div class=\"wp-block-image\">\n<figure class=\"aligncenter size-full\"><img loading=\"lazy\" decoding=\"async\" width=\"617\" height=\"433\" src=\"https:\/\/clubsierradelpinar.es\/wp-content\/uploads\/2024\/03\/angel-ricardo_01.jpeg\" alt=\"\" class=\"wp-image-2058\" srcset=\"https:\/\/clubsierradelpinar.es\/wp-content\/uploads\/2024\/03\/angel-ricardo_01.jpeg 617w, https:\/\/clubsierradelpinar.es\/wp-content\/uploads\/2024\/03\/angel-ricardo_01-300x211.jpeg 300w\" sizes=\"auto, (max-width: 617px) 100vw, 617px\" \/><\/figure>\n<\/div>\n\n\n<div style=\"height:45px\" aria-hidden=\"true\" class=\"wp-block-spacer\"><\/div>\n\n\n\n<p>Para m\u00ed solo era el fot\u00f3grafo que nos hizo las fotos de la graduaci\u00f3n del cole. Hoy para m\u00ed no es un fot\u00f3grafo m\u00e1s. Es el primer fot\u00f3grafo del primer ascenso a la invernal del Urriellu. Un fot\u00f3grafo \u00e9pico.<\/p>\n\n\n\n<p><\/p>\n\n\n\n<p class=\"has-text-align-right\">Hugo Lago<\/p>\n","protected":false},"excerpt":{"rendered":"<p>La historia de \u00c1ngel Ricardo es una historia \u00e9pica, de esas que te dejan boquiabierto. Este fotoperiodista ovetense se introdujo en el mundo de la fotograf\u00eda con apenas 14 a\u00f1os y, desde entonces, no dej\u00f3 de trabajar en lo que m\u00e1s le gustaba, capturar momentos y emociones a trav\u00e9s de su c\u00e1mara.<\/p>\n","protected":false},"author":2,"featured_media":2057,"comment_status":"open","ping_status":"open","sticky":false,"template":"","format":"standard","meta":{"footnotes":""},"categories":[1],"tags":[157,159],"class_list":["post-2055","post","type-post","status-publish","format-standard","has-post-thumbnail","hentry","category-sin-categoria","tag-fotografia","tag-picu"],"yoast_head":"<!-- This site is optimized with the Yoast SEO plugin v27.3 - https:\/\/yoast.com\/product\/yoast-seo-wordpress\/ -->\n<title>Un fot\u00f3grafo \u00e9pico - Club Monta&ntilde;ero Sierra del Pinar<\/title>\n<meta name=\"description\" content=\"La historia de \u00c1ngel Ricardo es una historia \u00e9pica, de esas que te dejan boquiabierto. Este fotoperiodista ovetense se introdujo en...\" \/>\n<meta name=\"robots\" content=\"index, follow, max-snippet:-1, max-image-preview:large, max-video-preview:-1\" \/>\n<link rel=\"canonical\" href=\"https:\/\/clubsierradelpinar.es\/index.php\/2024\/03\/20\/un-fotografo-epico\/\" \/>\n<meta property=\"og:locale\" content=\"es_ES\" \/>\n<meta property=\"og:type\" content=\"article\" \/>\n<meta property=\"og:title\" content=\"Un fot\u00f3grafo \u00e9pico\" \/>\n<meta property=\"og:description\" content=\"La historia de \u00c1ngel Ricardo es una historia \u00e9pica, de esas que te dejan boquiabierto. Este fotoperiodista ovetense se introdujo en el mundo de la fotograf\u00eda con apenas 14 a\u00f1os y, desde entonces, no dej\u00f3 de trabajar en lo que m\u00e1s le gustaba, capturar momentos y emociones a trav\u00e9s de su c\u00e1mara.\" \/>\n<meta property=\"og:url\" content=\"https:\/\/clubsierradelpinar.es\/index.php\/2024\/03\/20\/un-fotografo-epico\/\" \/>\n<meta property=\"og:site_name\" content=\"Club Monta&ntilde;ero Sierra del Pinar\" \/>\n<meta property=\"article:publisher\" content=\"https:\/\/www.facebook.com\/montaneros.sierradelpinar\" \/>\n<meta property=\"article:author\" content=\"https:\/\/www.facebook.com\/montaneros.sierradelpinar\/\" \/>\n<meta property=\"article:published_time\" content=\"2024-03-20T17:31:53+00:00\" \/>\n<meta property=\"article:modified_time\" content=\"2024-03-20T17:31:56+00:00\" \/>\n<meta property=\"og:image\" content=\"https:\/\/clubsierradelpinar.es\/wp-content\/uploads\/2024\/03\/angel-ricardo_02.jpeg\" \/>\n\t<meta property=\"og:image:width\" content=\"880\" \/>\n\t<meta property=\"og:image:height\" content=\"495\" \/>\n\t<meta property=\"og:image:type\" content=\"image\/jpeg\" \/>\n<meta name=\"author\" content=\"Club Monta\u00f1ero Sierra del Pinar\" \/>\n<meta name=\"twitter:card\" content=\"summary_large_image\" \/>\n<meta name=\"twitter:title\" content=\"Un fot\u00f3grafo \u00e9pico\" \/>\n<meta name=\"twitter:description\" content=\"La historia de \u00c1ngel Ricardo es una historia \u00e9pica, de esas que te dejan boquiabierto. Este fotoperiodista ovetense se introdujo en el mundo de la fotograf\u00eda con apenas 14 a\u00f1os y, desde entonces, no dej\u00f3 de trabajar en lo que m\u00e1s le gustaba, capturar momentos y emociones a trav\u00e9s de su c\u00e1mara.\" \/>\n<meta name=\"twitter:image\" content=\"https:\/\/clubsierradelpinar.es\/wp-content\/uploads\/2024\/03\/angel-ricardo_02.jpeg\" \/>\n<meta name=\"twitter:creator\" content=\"@sierradelpinar\" \/>\n<meta name=\"twitter:site\" content=\"@sierradelpinar\" \/>\n<meta name=\"twitter:label1\" content=\"Escrito por\" \/>\n\t<meta name=\"twitter:data1\" content=\"Club Monta\u00f1ero Sierra del Pinar\" \/>\n\t<meta name=\"twitter:label2\" content=\"Tiempo de lectura\" \/>\n\t<meta name=\"twitter:data2\" content=\"4 minutos\" \/>\n<script type=\"application\/ld+json\" class=\"yoast-schema-graph\">{\"@context\":\"https:\\\/\\\/schema.org\",\"@graph\":[{\"@type\":\"Article\",\"@id\":\"https:\\\/\\\/clubsierradelpinar.es\\\/index.php\\\/2024\\\/03\\\/20\\\/un-fotografo-epico\\\/#article\",\"isPartOf\":{\"@id\":\"https:\\\/\\\/clubsierradelpinar.es\\\/index.php\\\/2024\\\/03\\\/20\\\/un-fotografo-epico\\\/\"},\"author\":{\"name\":\"Club Monta\u00f1ero Sierra del Pinar\",\"@id\":\"https:\\\/\\\/clubsierradelpinar.es\\\/#\\\/schema\\\/person\\\/b97c28bad1e5ab53603e57141f123c13\"},\"headline\":\"Un fot\u00f3grafo \u00e9pico\",\"datePublished\":\"2024-03-20T17:31:53+00:00\",\"dateModified\":\"2024-03-20T17:31:56+00:00\",\"mainEntityOfPage\":{\"@id\":\"https:\\\/\\\/clubsierradelpinar.es\\\/index.php\\\/2024\\\/03\\\/20\\\/un-fotografo-epico\\\/\"},\"wordCount\":652,\"commentCount\":1,\"publisher\":{\"@id\":\"https:\\\/\\\/clubsierradelpinar.es\\\/#organization\"},\"image\":{\"@id\":\"https:\\\/\\\/clubsierradelpinar.es\\\/index.php\\\/2024\\\/03\\\/20\\\/un-fotografo-epico\\\/#primaryimage\"},\"thumbnailUrl\":\"https:\\\/\\\/clubsierradelpinar.es\\\/wp-content\\\/uploads\\\/2024\\\/03\\\/angel-ricardo_02.jpeg\",\"keywords\":[\"Fotograf\u00eda\",\"Picu\"],\"inLanguage\":\"es\",\"potentialAction\":[{\"@type\":\"CommentAction\",\"name\":\"Comment\",\"target\":[\"https:\\\/\\\/clubsierradelpinar.es\\\/index.php\\\/2024\\\/03\\\/20\\\/un-fotografo-epico\\\/#respond\"]}]},{\"@type\":\"WebPage\",\"@id\":\"https:\\\/\\\/clubsierradelpinar.es\\\/index.php\\\/2024\\\/03\\\/20\\\/un-fotografo-epico\\\/\",\"url\":\"https:\\\/\\\/clubsierradelpinar.es\\\/index.php\\\/2024\\\/03\\\/20\\\/un-fotografo-epico\\\/\",\"name\":\"Un fot\u00f3grafo \u00e9pico - Club Monta&ntilde;ero Sierra del Pinar\",\"isPartOf\":{\"@id\":\"https:\\\/\\\/clubsierradelpinar.es\\\/#website\"},\"primaryImageOfPage\":{\"@id\":\"https:\\\/\\\/clubsierradelpinar.es\\\/index.php\\\/2024\\\/03\\\/20\\\/un-fotografo-epico\\\/#primaryimage\"},\"image\":{\"@id\":\"https:\\\/\\\/clubsierradelpinar.es\\\/index.php\\\/2024\\\/03\\\/20\\\/un-fotografo-epico\\\/#primaryimage\"},\"thumbnailUrl\":\"https:\\\/\\\/clubsierradelpinar.es\\\/wp-content\\\/uploads\\\/2024\\\/03\\\/angel-ricardo_02.jpeg\",\"datePublished\":\"2024-03-20T17:31:53+00:00\",\"dateModified\":\"2024-03-20T17:31:56+00:00\",\"description\":\"La historia de \u00c1ngel Ricardo es una historia \u00e9pica, de esas que te dejan boquiabierto. Este fotoperiodista ovetense se introdujo en...\",\"breadcrumb\":{\"@id\":\"https:\\\/\\\/clubsierradelpinar.es\\\/index.php\\\/2024\\\/03\\\/20\\\/un-fotografo-epico\\\/#breadcrumb\"},\"inLanguage\":\"es\",\"potentialAction\":[{\"@type\":\"ReadAction\",\"target\":[\"https:\\\/\\\/clubsierradelpinar.es\\\/index.php\\\/2024\\\/03\\\/20\\\/un-fotografo-epico\\\/\"]}]},{\"@type\":\"ImageObject\",\"inLanguage\":\"es\",\"@id\":\"https:\\\/\\\/clubsierradelpinar.es\\\/index.php\\\/2024\\\/03\\\/20\\\/un-fotografo-epico\\\/#primaryimage\",\"url\":\"https:\\\/\\\/clubsierradelpinar.es\\\/wp-content\\\/uploads\\\/2024\\\/03\\\/angel-ricardo_02.jpeg\",\"contentUrl\":\"https:\\\/\\\/clubsierradelpinar.es\\\/wp-content\\\/uploads\\\/2024\\\/03\\\/angel-ricardo_02.jpeg\",\"width\":880,\"height\":495},{\"@type\":\"BreadcrumbList\",\"@id\":\"https:\\\/\\\/clubsierradelpinar.es\\\/index.php\\\/2024\\\/03\\\/20\\\/un-fotografo-epico\\\/#breadcrumb\",\"itemListElement\":[{\"@type\":\"ListItem\",\"position\":1,\"name\":\"Portada\",\"item\":\"https:\\\/\\\/clubsierradelpinar.es\\\/\"},{\"@type\":\"ListItem\",\"position\":2,\"name\":\"Un fot\u00f3grafo \u00e9pico\"}]},{\"@type\":\"WebSite\",\"@id\":\"https:\\\/\\\/clubsierradelpinar.es\\\/#website\",\"url\":\"https:\\\/\\\/clubsierradelpinar.es\\\/\",\"name\":\"Club Monta&ntilde;ero Sierra del Pinar\",\"description\":\"Subiendo monta&ntilde;as desde 1971\",\"publisher\":{\"@id\":\"https:\\\/\\\/clubsierradelpinar.es\\\/#organization\"},\"potentialAction\":[{\"@type\":\"SearchAction\",\"target\":{\"@type\":\"EntryPoint\",\"urlTemplate\":\"https:\\\/\\\/clubsierradelpinar.es\\\/?s={search_term_string}\"},\"query-input\":{\"@type\":\"PropertyValueSpecification\",\"valueRequired\":true,\"valueName\":\"search_term_string\"}}],\"inLanguage\":\"es\"},{\"@type\":\"Organization\",\"@id\":\"https:\\\/\\\/clubsierradelpinar.es\\\/#organization\",\"name\":\"Club Monta\u00f1ero Sierra del Pinar\",\"url\":\"https:\\\/\\\/clubsierradelpinar.es\\\/\",\"logo\":{\"@type\":\"ImageObject\",\"inLanguage\":\"es\",\"@id\":\"https:\\\/\\\/clubsierradelpinar.es\\\/#\\\/schema\\\/logo\\\/image\\\/\",\"url\":\"https:\\\/\\\/clubsierradelpinar.es\\\/wp-content\\\/uploads\\\/2021\\\/11\\\/cropped-logo.png\",\"contentUrl\":\"https:\\\/\\\/clubsierradelpinar.es\\\/wp-content\\\/uploads\\\/2021\\\/11\\\/cropped-logo.png\",\"width\":512,\"height\":512,\"caption\":\"Club Monta\u00f1ero Sierra del Pinar\"},\"image\":{\"@id\":\"https:\\\/\\\/clubsierradelpinar.es\\\/#\\\/schema\\\/logo\\\/image\\\/\"},\"sameAs\":[\"https:\\\/\\\/www.facebook.com\\\/montaneros.sierradelpinar\",\"https:\\\/\\\/x.com\\\/sierradelpinar\",\"https:\\\/\\\/www.instagram.com\\\/sierradelpinar\\\/\"]},{\"@type\":\"Person\",\"@id\":\"https:\\\/\\\/clubsierradelpinar.es\\\/#\\\/schema\\\/person\\\/b97c28bad1e5ab53603e57141f123c13\",\"name\":\"Club Monta\u00f1ero Sierra del Pinar\",\"image\":{\"@type\":\"ImageObject\",\"inLanguage\":\"es\",\"@id\":\"https:\\\/\\\/secure.gravatar.com\\\/avatar\\\/662a4c1e48a4d4b2ba7d48f27859771e93c8976e8b986829cb508926aeec8feb?s=96&d=mm&r=g\",\"url\":\"https:\\\/\\\/secure.gravatar.com\\\/avatar\\\/662a4c1e48a4d4b2ba7d48f27859771e93c8976e8b986829cb508926aeec8feb?s=96&d=mm&r=g\",\"contentUrl\":\"https:\\\/\\\/secure.gravatar.com\\\/avatar\\\/662a4c1e48a4d4b2ba7d48f27859771e93c8976e8b986829cb508926aeec8feb?s=96&d=mm&r=g\",\"caption\":\"Club Monta\u00f1ero Sierra del Pinar\"},\"description\":\"Subiendo monta\u00f1as desde 1971\",\"sameAs\":[\"https:\\\/\\\/clubsierradelpinar.es\",\"https:\\\/\\\/www.facebook.com\\\/montaneros.sierradelpinar\\\/\",\"https:\\\/\\\/www.instagram.com\\\/sierradelpinar\\\/\",\"https:\\\/\\\/x.com\\\/sierradelpinar\",\"https:\\\/\\\/www.youtube.com\\\/channel\\\/UCDOkEXLUJjNkLoIrKWYv38w\"],\"url\":\"https:\\\/\\\/clubsierradelpinar.es\\\/index.php\\\/author\\\/club\\\/\"}]}<\/script>\n<!-- \/ Yoast SEO plugin. -->","yoast_head_json":{"title":"Un fot\u00f3grafo \u00e9pico - Club Monta&ntilde;ero Sierra del Pinar","description":"La historia de \u00c1ngel Ricardo es una historia \u00e9pica, de esas que te dejan boquiabierto. Este fotoperiodista ovetense se introdujo en...","robots":{"index":"index","follow":"follow","max-snippet":"max-snippet:-1","max-image-preview":"max-image-preview:large","max-video-preview":"max-video-preview:-1"},"canonical":"https:\/\/clubsierradelpinar.es\/index.php\/2024\/03\/20\/un-fotografo-epico\/","og_locale":"es_ES","og_type":"article","og_title":"Un fot\u00f3grafo \u00e9pico","og_description":"La historia de \u00c1ngel Ricardo es una historia \u00e9pica, de esas que te dejan boquiabierto. Este fotoperiodista ovetense se introdujo en el mundo de la fotograf\u00eda con apenas 14 a\u00f1os y, desde entonces, no dej\u00f3 de trabajar en lo que m\u00e1s le gustaba, capturar momentos y emociones a trav\u00e9s de su c\u00e1mara.","og_url":"https:\/\/clubsierradelpinar.es\/index.php\/2024\/03\/20\/un-fotografo-epico\/","og_site_name":"Club Monta&ntilde;ero Sierra del Pinar","article_publisher":"https:\/\/www.facebook.com\/montaneros.sierradelpinar","article_author":"https:\/\/www.facebook.com\/montaneros.sierradelpinar\/","article_published_time":"2024-03-20T17:31:53+00:00","article_modified_time":"2024-03-20T17:31:56+00:00","og_image":[{"width":880,"height":495,"url":"https:\/\/clubsierradelpinar.es\/wp-content\/uploads\/2024\/03\/angel-ricardo_02.jpeg","type":"image\/jpeg"}],"author":"Club Monta\u00f1ero Sierra del Pinar","twitter_card":"summary_large_image","twitter_title":"Un fot\u00f3grafo \u00e9pico","twitter_description":"La historia de \u00c1ngel Ricardo es una historia \u00e9pica, de esas que te dejan boquiabierto. Este fotoperiodista ovetense se introdujo en el mundo de la fotograf\u00eda con apenas 14 a\u00f1os y, desde entonces, no dej\u00f3 de trabajar en lo que m\u00e1s le gustaba, capturar momentos y emociones a trav\u00e9s de su c\u00e1mara.","twitter_image":"https:\/\/clubsierradelpinar.es\/wp-content\/uploads\/2024\/03\/angel-ricardo_02.jpeg","twitter_creator":"@sierradelpinar","twitter_site":"@sierradelpinar","twitter_misc":{"Escrito por":"Club Monta\u00f1ero Sierra del Pinar","Tiempo de lectura":"4 minutos"},"schema":{"@context":"https:\/\/schema.org","@graph":[{"@type":"Article","@id":"https:\/\/clubsierradelpinar.es\/index.php\/2024\/03\/20\/un-fotografo-epico\/#article","isPartOf":{"@id":"https:\/\/clubsierradelpinar.es\/index.php\/2024\/03\/20\/un-fotografo-epico\/"},"author":{"name":"Club Monta\u00f1ero Sierra del Pinar","@id":"https:\/\/clubsierradelpinar.es\/#\/schema\/person\/b97c28bad1e5ab53603e57141f123c13"},"headline":"Un fot\u00f3grafo \u00e9pico","datePublished":"2024-03-20T17:31:53+00:00","dateModified":"2024-03-20T17:31:56+00:00","mainEntityOfPage":{"@id":"https:\/\/clubsierradelpinar.es\/index.php\/2024\/03\/20\/un-fotografo-epico\/"},"wordCount":652,"commentCount":1,"publisher":{"@id":"https:\/\/clubsierradelpinar.es\/#organization"},"image":{"@id":"https:\/\/clubsierradelpinar.es\/index.php\/2024\/03\/20\/un-fotografo-epico\/#primaryimage"},"thumbnailUrl":"https:\/\/clubsierradelpinar.es\/wp-content\/uploads\/2024\/03\/angel-ricardo_02.jpeg","keywords":["Fotograf\u00eda","Picu"],"inLanguage":"es","potentialAction":[{"@type":"CommentAction","name":"Comment","target":["https:\/\/clubsierradelpinar.es\/index.php\/2024\/03\/20\/un-fotografo-epico\/#respond"]}]},{"@type":"WebPage","@id":"https:\/\/clubsierradelpinar.es\/index.php\/2024\/03\/20\/un-fotografo-epico\/","url":"https:\/\/clubsierradelpinar.es\/index.php\/2024\/03\/20\/un-fotografo-epico\/","name":"Un fot\u00f3grafo \u00e9pico - Club Monta&ntilde;ero Sierra del Pinar","isPartOf":{"@id":"https:\/\/clubsierradelpinar.es\/#website"},"primaryImageOfPage":{"@id":"https:\/\/clubsierradelpinar.es\/index.php\/2024\/03\/20\/un-fotografo-epico\/#primaryimage"},"image":{"@id":"https:\/\/clubsierradelpinar.es\/index.php\/2024\/03\/20\/un-fotografo-epico\/#primaryimage"},"thumbnailUrl":"https:\/\/clubsierradelpinar.es\/wp-content\/uploads\/2024\/03\/angel-ricardo_02.jpeg","datePublished":"2024-03-20T17:31:53+00:00","dateModified":"2024-03-20T17:31:56+00:00","description":"La historia de \u00c1ngel Ricardo es una historia \u00e9pica, de esas que te dejan boquiabierto. Este fotoperiodista ovetense se introdujo en...","breadcrumb":{"@id":"https:\/\/clubsierradelpinar.es\/index.php\/2024\/03\/20\/un-fotografo-epico\/#breadcrumb"},"inLanguage":"es","potentialAction":[{"@type":"ReadAction","target":["https:\/\/clubsierradelpinar.es\/index.php\/2024\/03\/20\/un-fotografo-epico\/"]}]},{"@type":"ImageObject","inLanguage":"es","@id":"https:\/\/clubsierradelpinar.es\/index.php\/2024\/03\/20\/un-fotografo-epico\/#primaryimage","url":"https:\/\/clubsierradelpinar.es\/wp-content\/uploads\/2024\/03\/angel-ricardo_02.jpeg","contentUrl":"https:\/\/clubsierradelpinar.es\/wp-content\/uploads\/2024\/03\/angel-ricardo_02.jpeg","width":880,"height":495},{"@type":"BreadcrumbList","@id":"https:\/\/clubsierradelpinar.es\/index.php\/2024\/03\/20\/un-fotografo-epico\/#breadcrumb","itemListElement":[{"@type":"ListItem","position":1,"name":"Portada","item":"https:\/\/clubsierradelpinar.es\/"},{"@type":"ListItem","position":2,"name":"Un fot\u00f3grafo \u00e9pico"}]},{"@type":"WebSite","@id":"https:\/\/clubsierradelpinar.es\/#website","url":"https:\/\/clubsierradelpinar.es\/","name":"Club Monta&ntilde;ero Sierra del Pinar","description":"Subiendo monta&ntilde;as desde 1971","publisher":{"@id":"https:\/\/clubsierradelpinar.es\/#organization"},"potentialAction":[{"@type":"SearchAction","target":{"@type":"EntryPoint","urlTemplate":"https:\/\/clubsierradelpinar.es\/?s={search_term_string}"},"query-input":{"@type":"PropertyValueSpecification","valueRequired":true,"valueName":"search_term_string"}}],"inLanguage":"es"},{"@type":"Organization","@id":"https:\/\/clubsierradelpinar.es\/#organization","name":"Club Monta\u00f1ero Sierra del Pinar","url":"https:\/\/clubsierradelpinar.es\/","logo":{"@type":"ImageObject","inLanguage":"es","@id":"https:\/\/clubsierradelpinar.es\/#\/schema\/logo\/image\/","url":"https:\/\/clubsierradelpinar.es\/wp-content\/uploads\/2021\/11\/cropped-logo.png","contentUrl":"https:\/\/clubsierradelpinar.es\/wp-content\/uploads\/2021\/11\/cropped-logo.png","width":512,"height":512,"caption":"Club Monta\u00f1ero Sierra del Pinar"},"image":{"@id":"https:\/\/clubsierradelpinar.es\/#\/schema\/logo\/image\/"},"sameAs":["https:\/\/www.facebook.com\/montaneros.sierradelpinar","https:\/\/x.com\/sierradelpinar","https:\/\/www.instagram.com\/sierradelpinar\/"]},{"@type":"Person","@id":"https:\/\/clubsierradelpinar.es\/#\/schema\/person\/b97c28bad1e5ab53603e57141f123c13","name":"Club Monta\u00f1ero Sierra del Pinar","image":{"@type":"ImageObject","inLanguage":"es","@id":"https:\/\/secure.gravatar.com\/avatar\/662a4c1e48a4d4b2ba7d48f27859771e93c8976e8b986829cb508926aeec8feb?s=96&d=mm&r=g","url":"https:\/\/secure.gravatar.com\/avatar\/662a4c1e48a4d4b2ba7d48f27859771e93c8976e8b986829cb508926aeec8feb?s=96&d=mm&r=g","contentUrl":"https:\/\/secure.gravatar.com\/avatar\/662a4c1e48a4d4b2ba7d48f27859771e93c8976e8b986829cb508926aeec8feb?s=96&d=mm&r=g","caption":"Club Monta\u00f1ero Sierra del Pinar"},"description":"Subiendo monta\u00f1as desde 1971","sameAs":["https:\/\/clubsierradelpinar.es","https:\/\/www.facebook.com\/montaneros.sierradelpinar\/","https:\/\/www.instagram.com\/sierradelpinar\/","https:\/\/x.com\/sierradelpinar","https:\/\/www.youtube.com\/channel\/UCDOkEXLUJjNkLoIrKWYv38w"],"url":"https:\/\/clubsierradelpinar.es\/index.php\/author\/club\/"}]}},"_links":{"self":[{"href":"https:\/\/clubsierradelpinar.es\/index.php\/wp-json\/wp\/v2\/posts\/2055","targetHints":{"allow":["GET"]}}],"collection":[{"href":"https:\/\/clubsierradelpinar.es\/index.php\/wp-json\/wp\/v2\/posts"}],"about":[{"href":"https:\/\/clubsierradelpinar.es\/index.php\/wp-json\/wp\/v2\/types\/post"}],"author":[{"embeddable":true,"href":"https:\/\/clubsierradelpinar.es\/index.php\/wp-json\/wp\/v2\/users\/2"}],"replies":[{"embeddable":true,"href":"https:\/\/clubsierradelpinar.es\/index.php\/wp-json\/wp\/v2\/comments?post=2055"}],"version-history":[{"count":2,"href":"https:\/\/clubsierradelpinar.es\/index.php\/wp-json\/wp\/v2\/posts\/2055\/revisions"}],"predecessor-version":[{"id":2060,"href":"https:\/\/clubsierradelpinar.es\/index.php\/wp-json\/wp\/v2\/posts\/2055\/revisions\/2060"}],"wp:featuredmedia":[{"embeddable":true,"href":"https:\/\/clubsierradelpinar.es\/index.php\/wp-json\/wp\/v2\/media\/2057"}],"wp:attachment":[{"href":"https:\/\/clubsierradelpinar.es\/index.php\/wp-json\/wp\/v2\/media?parent=2055"}],"wp:term":[{"taxonomy":"category","embeddable":true,"href":"https:\/\/clubsierradelpinar.es\/index.php\/wp-json\/wp\/v2\/categories?post=2055"},{"taxonomy":"post_tag","embeddable":true,"href":"https:\/\/clubsierradelpinar.es\/index.php\/wp-json\/wp\/v2\/tags?post=2055"}],"curies":[{"name":"wp","href":"https:\/\/api.w.org\/{rel}","templated":true}]}}