{"id":2040,"date":"2024-03-05T21:09:13","date_gmt":"2024-03-05T20:09:13","guid":{"rendered":"https:\/\/clubsierradelpinar.es\/?p=2040"},"modified":"2024-03-05T21:09:14","modified_gmt":"2024-03-05T20:09:14","slug":"travesia-de-montejaque-al-puerto-de-los-alamillos","status":"publish","type":"post","link":"https:\/\/clubsierradelpinar.es\/index.php\/2024\/03\/05\/travesia-de-montejaque-al-puerto-de-los-alamillos\/","title":{"rendered":"Traves\u00eda de Montejaque al puerto de Los Alamillos"},"content":{"rendered":"\n<p>El pasado d\u00eda tres de marzo realizamos una traves\u00eda que est\u00e1 siendo cl\u00e1sica ya en nuestro club. Partiendo de Montejaque, este pintoresco pueblo de la serran\u00eda malague\u00f1a, tomamos la calle de L\u00edbar para enlazar con el sendero del Hacho Bajo. Una empinada cuesta nos llev\u00f3 hasta las estribaciones de la sierra de Montalate; en este lugar paramos para tomar aliento y reagruparnos. Las vistas eran incre\u00edbles pues nos permit\u00eda ver el macizo de L\u00edbar en todo su esplendor, desde donde paramos visualiz\u00e1bamos el camino que lleva a los llanos de L\u00edbar y al fondo el Mart\u00edn Gil, el Tunio y el Palo. El d\u00eda, aunque fr\u00edo, estaba despejado y permit\u00eda un agradable paseo. Una vez en el puerto de La Canta, continuamos por un peque\u00f1o tramo de olivar, que por cierto estaban desmontando, el majestuoso Hacho a nuestra derecha, nos ofrec\u00eda el vuelo de los buitres que anidan en \u00e9l, pasado el olivar, llegamos al mirador Fuensanta, momento que aprovechamos para apreciar el macizo de la cueva de Hundidero, al fondo la espectacular villa de Ronda. Seguimos bajando por la pista sorteando alguna que otra angarilla que tuvimos que abrir y luego cerrar, como es preceptivo. La pista nos conducir\u00eda al embalse fallido de Montejaque, donde el pantano embalsaba el agua que el r\u00edo desprend\u00eda en una corriente poco usual, las lluvias de los d\u00edas anteriores hab\u00edan producido un torrente que nunca hab\u00edamos visto en esta zona, poco tardar\u00eda esta en filtrase para salir por la cueva del Gato.<\/p>\n\n\n\n<div style=\"height:40px\" aria-hidden=\"true\" class=\"wp-block-spacer\"><\/div>\n\n\n<div class=\"wp-block-image\">\n<figure class=\"aligncenter size-large\"><img loading=\"lazy\" decoding=\"async\" width=\"1024\" height=\"576\" src=\"https:\/\/clubsierradelpinar.es\/wp-content\/uploads\/2024\/03\/montejaque-alamillos2-1024x576.jpeg\" alt=\"\" class=\"wp-image-2044\" srcset=\"https:\/\/clubsierradelpinar.es\/wp-content\/uploads\/2024\/03\/montejaque-alamillos2-1024x576.jpeg 1024w, https:\/\/clubsierradelpinar.es\/wp-content\/uploads\/2024\/03\/montejaque-alamillos2-300x169.jpeg 300w, https:\/\/clubsierradelpinar.es\/wp-content\/uploads\/2024\/03\/montejaque-alamillos2-768x432.jpeg 768w, https:\/\/clubsierradelpinar.es\/wp-content\/uploads\/2024\/03\/montejaque-alamillos2-1536x864.jpeg 1536w, https:\/\/clubsierradelpinar.es\/wp-content\/uploads\/2024\/03\/montejaque-alamillos2.jpeg 1600w\" sizes=\"auto, (max-width: 1024px) 100vw, 1024px\" \/><figcaption class=\"wp-element-caption\"><sup>Foto: Paco Nova<\/sup><\/figcaption><\/figure>\n<\/div>\n\n\n<p>Ya en la pista, requerida parada en la Fuente Imbro camino del cortijo de los Calabazales, momento que algunos aprovecharon para comprar el magn\u00edfico queso que se elabora en este cortijo. Al salir del cortijo de los Calabazales, el camino poco a poco se iba convirtiendo en sendero hacia la ribera del Campobuche, acentuamos el paso para recuperar el tiempo perdido, aunque \u00edbamos con tiempo suficiente para llegar a Los Alamillos. El r\u00edo estaba espectacular, nunca antes hab\u00eda visto el Guadares con tanta agua, era una gozada ver su cauce. Con un ritmo constante llegamos al Puente de la Dehesa, de aspecto medieval, aunque su fecha de construcci\u00f3n a principios del siglo XX, fue originada por la supuesta crecida que tomar\u00eda el r\u00edo al hacer la presa, lo cual nunca lleg\u00f3 a suceder, la foto de rigor y un picnic para retomar fuerzas y seguimos la ruta.<\/p>\n\n\n\n<div style=\"height:40px\" aria-hidden=\"true\" class=\"wp-block-spacer\"><\/div>\n\n\n<div class=\"wp-block-image\">\n<figure class=\"aligncenter size-large\"><img loading=\"lazy\" decoding=\"async\" width=\"1024\" height=\"760\" src=\"https:\/\/clubsierradelpinar.es\/wp-content\/uploads\/2024\/03\/montejaque-alamillos5-1024x760.jpeg\" alt=\"\" class=\"wp-image-2043\" srcset=\"https:\/\/clubsierradelpinar.es\/wp-content\/uploads\/2024\/03\/montejaque-alamillos5-1024x760.jpeg 1024w, https:\/\/clubsierradelpinar.es\/wp-content\/uploads\/2024\/03\/montejaque-alamillos5-300x223.jpeg 300w, https:\/\/clubsierradelpinar.es\/wp-content\/uploads\/2024\/03\/montejaque-alamillos5-768x570.jpeg 768w, https:\/\/clubsierradelpinar.es\/wp-content\/uploads\/2024\/03\/montejaque-alamillos5-1536x1140.jpeg 1536w, https:\/\/clubsierradelpinar.es\/wp-content\/uploads\/2024\/03\/montejaque-alamillos5.jpeg 1600w\" sizes=\"auto, (max-width: 1024px) 100vw, 1024px\" \/><figcaption class=\"wp-element-caption\"><sup>Foto: Paco Nova<\/sup><\/figcaption><\/figure>\n<\/div>\n\n\n<p>El sendero se estrechaba atravesando un alcornocal donde algunos ejemplares de este \u00e1rbol, se encontraban secos y ca\u00eddos al margen del camino, el agua corr\u00eda a trav\u00e9s de las corrent\u00edas y manantiales ofreci\u00e9ndonos un espect\u00e1culo maravilloso, mucho hac\u00eda que el agua no corr\u00eda por la sierra de esta forma, siguiendo la margen del r\u00edo entre \u00e1rboles y retama, llegamos a la fuente de los Cucaderos, momento para la foto y reagruparnos de nuevo.<\/p>\n\n\n\n<div style=\"height:40px\" aria-hidden=\"true\" class=\"wp-block-spacer\"><\/div>\n\n\n<div class=\"wp-block-image\">\n<figure class=\"aligncenter size-large\"><img loading=\"lazy\" decoding=\"async\" width=\"1024\" height=\"696\" src=\"https:\/\/clubsierradelpinar.es\/wp-content\/uploads\/2024\/03\/montejaque-alamillos9-1024x696.jpeg\" alt=\"\" class=\"wp-image-2042\" srcset=\"https:\/\/clubsierradelpinar.es\/wp-content\/uploads\/2024\/03\/montejaque-alamillos9-1024x696.jpeg 1024w, https:\/\/clubsierradelpinar.es\/wp-content\/uploads\/2024\/03\/montejaque-alamillos9-300x204.jpeg 300w, https:\/\/clubsierradelpinar.es\/wp-content\/uploads\/2024\/03\/montejaque-alamillos9-768x522.jpeg 768w, https:\/\/clubsierradelpinar.es\/wp-content\/uploads\/2024\/03\/montejaque-alamillos9-1536x1044.jpeg 1536w, https:\/\/clubsierradelpinar.es\/wp-content\/uploads\/2024\/03\/montejaque-alamillos9.jpeg 1600w\" sizes=\"auto, (max-width: 1024px) 100vw, 1024px\" \/><figcaption class=\"wp-element-caption\"><sup>Foto: Paco Nova<\/sup><\/figcaption><\/figure>\n<\/div>\n\n\n<p>Seguimos nuestro camino para llegar a la parada habitual de avituallamiento, Laguna de Campobuche, parada obligada para reponer fuerzas y realizar un descanso, en este punto llevamos algo m\u00e1s de la mitad del recorrido y a\u00fan nos quedaban fuerzas para proseguir la ruta. Este momento es el que se aprovecha para charlar y comentar sobre el recorrido, compartir algunas viandas y algunas que otra risotada. Nos sorprendi\u00f3 que el r\u00edo despu\u00e9s del peque\u00f1o embalse, manten\u00eda su cauce de lado a lado de la ribera durante gran parte de lo que quedaba de recorrido.<\/p>\n\n\n\n<div style=\"height:40px\" aria-hidden=\"true\" class=\"wp-block-spacer\"><\/div>\n\n\n<div class=\"wp-block-image\">\n<figure class=\"aligncenter size-large\"><img loading=\"lazy\" decoding=\"async\" width=\"1024\" height=\"630\" src=\"https:\/\/clubsierradelpinar.es\/wp-content\/uploads\/2024\/03\/montejaque-alamillos6-1024x630.jpeg\" alt=\"\" class=\"wp-image-2041\" srcset=\"https:\/\/clubsierradelpinar.es\/wp-content\/uploads\/2024\/03\/montejaque-alamillos6-1024x630.jpeg 1024w, https:\/\/clubsierradelpinar.es\/wp-content\/uploads\/2024\/03\/montejaque-alamillos6-300x185.jpeg 300w, https:\/\/clubsierradelpinar.es\/wp-content\/uploads\/2024\/03\/montejaque-alamillos6-768x473.jpeg 768w, https:\/\/clubsierradelpinar.es\/wp-content\/uploads\/2024\/03\/montejaque-alamillos6-1536x946.jpeg 1536w, https:\/\/clubsierradelpinar.es\/wp-content\/uploads\/2024\/03\/montejaque-alamillos6.jpeg 1600w\" sizes=\"auto, (max-width: 1024px) 100vw, 1024px\" \/><figcaption class=\"wp-element-caption\"><sup>Foto: Paco Nova<\/sup><\/figcaption><\/figure>\n<\/div>\n\n\n<p>Sorteando peque\u00f1os charcos y el barro que nos encontramos a nuestro paso, nos encajamos en el puente sobre el arroyo Campobuche o Guadares, nuestra mirada se centra ahora en el macizo de Grazalema, con El Reloj y el Simanc\u00f3n al fondo, abajo el valle de las \u00c1nimas presidido por el majestuoso Chaparro de las \u00c1nimas, escasos cuatro kil\u00f3metros para acabar el recorrido, subimos por la ca\u00f1ada de las Diez Pilas y desde all\u00ed al cruce de los Alamillos, un caf\u00e9 para calentarnos despu\u00e9s del frio sufrido y llamada al autob\u00fas, que nos dejar\u00eda en de nuevo en nuestro punto de partida en Jerez.<\/p>\n\n\n\n<p class=\"has-text-align-right\">Texto: Jos\u00e9 A. S\u00e1nchez Lozano, <em>Yiyi<\/em>.<\/p>\n","protected":false},"excerpt":{"rendered":"<p>El pasado d\u00eda tres de marzo realizamos una traves\u00eda que est\u00e1 siendo cl\u00e1sica ya en nuestro club. Partiendo de Montejaque, este pintoresco pueblo de la serran\u00eda malague\u00f1a, tomamos la calle de L\u00edbar para enlazar con el sendero del Hacho Bajo.<\/p>\n","protected":false},"author":2,"featured_media":2042,"comment_status":"open","ping_status":"open","sticky":false,"template":"","format":"standard","meta":{"footnotes":""},"categories":[48],"tags":[55,14,33,15],"class_list":["post-2040","post","type-post","status-publish","format-standard","has-post-thumbnail","hentry","category-senderismo","tag-pn-sierra-de-grazalema","tag-rutas","tag-senderismo","tag-travesia"],"yoast_head":"<!-- This site is optimized with the Yoast SEO plugin v27.3 - https:\/\/yoast.com\/product\/yoast-seo-wordpress\/ -->\n<title>Traves\u00eda de Montejaque al puerto de Los Alamillos - Club Monta&ntilde;ero Sierra del Pinar<\/title>\n<meta name=\"description\" content=\"El pasado d\u00eda tres de marzo realizamos una traves\u00eda que est\u00e1 siendo cl\u00e1sica ya en nuestro club. Partiendo de Montejaque, este pintoresco...\" \/>\n<meta name=\"robots\" content=\"index, follow, max-snippet:-1, max-image-preview:large, max-video-preview:-1\" \/>\n<link rel=\"canonical\" href=\"https:\/\/clubsierradelpinar.es\/index.php\/2024\/03\/05\/travesia-de-montejaque-al-puerto-de-los-alamillos\/\" \/>\n<meta property=\"og:locale\" content=\"es_ES\" \/>\n<meta property=\"og:type\" content=\"article\" \/>\n<meta property=\"og:title\" content=\"Traves\u00eda de Montejaque al puerto de Los Alamillos\" \/>\n<meta property=\"og:description\" content=\"El pasado d\u00eda tres de marzo realizamos una traves\u00eda que est\u00e1 siendo cl\u00e1sica ya en nuestro club. Partiendo de Montejaque, este pintoresco pueblo de la serran\u00eda malague\u00f1a, tomamos la calle de L\u00edbar para enlazar con el sendero del Hacho Bajo.\" \/>\n<meta property=\"og:url\" content=\"https:\/\/clubsierradelpinar.es\/index.php\/2024\/03\/05\/travesia-de-montejaque-al-puerto-de-los-alamillos\/\" \/>\n<meta property=\"og:site_name\" content=\"Club Monta&ntilde;ero Sierra del Pinar\" \/>\n<meta property=\"article:publisher\" content=\"https:\/\/www.facebook.com\/montaneros.sierradelpinar\" \/>\n<meta property=\"article:author\" content=\"https:\/\/www.facebook.com\/montaneros.sierradelpinar\/\" \/>\n<meta property=\"article:published_time\" content=\"2024-03-05T20:09:13+00:00\" \/>\n<meta property=\"article:modified_time\" content=\"2024-03-05T20:09:14+00:00\" \/>\n<meta property=\"og:image\" content=\"https:\/\/clubsierradelpinar.es\/wp-content\/uploads\/2024\/03\/montejaque-alamillos9.jpeg\" \/>\n\t<meta property=\"og:image:width\" content=\"1600\" \/>\n\t<meta property=\"og:image:height\" content=\"1087\" \/>\n\t<meta property=\"og:image:type\" content=\"image\/jpeg\" \/>\n<meta name=\"author\" content=\"Club Monta\u00f1ero Sierra del Pinar\" \/>\n<meta name=\"twitter:card\" content=\"summary_large_image\" \/>\n<meta name=\"twitter:title\" content=\"Traves\u00eda de Montejaque al puerto de Los Alamillos\" \/>\n<meta name=\"twitter:description\" content=\"El pasado d\u00eda tres de marzo realizamos una traves\u00eda que est\u00e1 siendo cl\u00e1sica ya en nuestro club. Partiendo de Montejaque, este pintoresco pueblo de la serran\u00eda malague\u00f1a, tomamos la calle de L\u00edbar para enlazar con el sendero del Hacho Bajo.\" \/>\n<meta name=\"twitter:image\" content=\"https:\/\/clubsierradelpinar.es\/wp-content\/uploads\/2024\/03\/montejaque-alamillos9.jpeg\" \/>\n<meta name=\"twitter:creator\" content=\"@sierradelpinar\" \/>\n<meta name=\"twitter:site\" content=\"@sierradelpinar\" \/>\n<meta name=\"twitter:label1\" content=\"Escrito por\" \/>\n\t<meta name=\"twitter:data1\" content=\"Club Monta\u00f1ero Sierra del Pinar\" \/>\n\t<meta name=\"twitter:label2\" content=\"Tiempo de lectura\" \/>\n\t<meta name=\"twitter:data2\" content=\"5 minutos\" \/>\n<script type=\"application\/ld+json\" class=\"yoast-schema-graph\">{\"@context\":\"https:\\\/\\\/schema.org\",\"@graph\":[{\"@type\":\"Article\",\"@id\":\"https:\\\/\\\/clubsierradelpinar.es\\\/index.php\\\/2024\\\/03\\\/05\\\/travesia-de-montejaque-al-puerto-de-los-alamillos\\\/#article\",\"isPartOf\":{\"@id\":\"https:\\\/\\\/clubsierradelpinar.es\\\/index.php\\\/2024\\\/03\\\/05\\\/travesia-de-montejaque-al-puerto-de-los-alamillos\\\/\"},\"author\":{\"name\":\"Club Monta\u00f1ero Sierra del Pinar\",\"@id\":\"https:\\\/\\\/clubsierradelpinar.es\\\/#\\\/schema\\\/person\\\/b97c28bad1e5ab53603e57141f123c13\"},\"headline\":\"Traves\u00eda de Montejaque al puerto de Los Alamillos\",\"datePublished\":\"2024-03-05T20:09:13+00:00\",\"dateModified\":\"2024-03-05T20:09:14+00:00\",\"mainEntityOfPage\":{\"@id\":\"https:\\\/\\\/clubsierradelpinar.es\\\/index.php\\\/2024\\\/03\\\/05\\\/travesia-de-montejaque-al-puerto-de-los-alamillos\\\/\"},\"wordCount\":745,\"commentCount\":0,\"publisher\":{\"@id\":\"https:\\\/\\\/clubsierradelpinar.es\\\/#organization\"},\"image\":{\"@id\":\"https:\\\/\\\/clubsierradelpinar.es\\\/index.php\\\/2024\\\/03\\\/05\\\/travesia-de-montejaque-al-puerto-de-los-alamillos\\\/#primaryimage\"},\"thumbnailUrl\":\"https:\\\/\\\/clubsierradelpinar.es\\\/wp-content\\\/uploads\\\/2024\\\/03\\\/montejaque-alamillos9.jpeg\",\"keywords\":[\"PN Sierra de Grazalema\",\"Rutas\",\"Senderismo\",\"Traves\u00eda\"],\"articleSection\":[\"Senderismo\"],\"inLanguage\":\"es\",\"potentialAction\":[{\"@type\":\"CommentAction\",\"name\":\"Comment\",\"target\":[\"https:\\\/\\\/clubsierradelpinar.es\\\/index.php\\\/2024\\\/03\\\/05\\\/travesia-de-montejaque-al-puerto-de-los-alamillos\\\/#respond\"]}]},{\"@type\":\"WebPage\",\"@id\":\"https:\\\/\\\/clubsierradelpinar.es\\\/index.php\\\/2024\\\/03\\\/05\\\/travesia-de-montejaque-al-puerto-de-los-alamillos\\\/\",\"url\":\"https:\\\/\\\/clubsierradelpinar.es\\\/index.php\\\/2024\\\/03\\\/05\\\/travesia-de-montejaque-al-puerto-de-los-alamillos\\\/\",\"name\":\"Traves\u00eda de Montejaque al puerto de Los Alamillos - Club Monta&ntilde;ero Sierra del Pinar\",\"isPartOf\":{\"@id\":\"https:\\\/\\\/clubsierradelpinar.es\\\/#website\"},\"primaryImageOfPage\":{\"@id\":\"https:\\\/\\\/clubsierradelpinar.es\\\/index.php\\\/2024\\\/03\\\/05\\\/travesia-de-montejaque-al-puerto-de-los-alamillos\\\/#primaryimage\"},\"image\":{\"@id\":\"https:\\\/\\\/clubsierradelpinar.es\\\/index.php\\\/2024\\\/03\\\/05\\\/travesia-de-montejaque-al-puerto-de-los-alamillos\\\/#primaryimage\"},\"thumbnailUrl\":\"https:\\\/\\\/clubsierradelpinar.es\\\/wp-content\\\/uploads\\\/2024\\\/03\\\/montejaque-alamillos9.jpeg\",\"datePublished\":\"2024-03-05T20:09:13+00:00\",\"dateModified\":\"2024-03-05T20:09:14+00:00\",\"description\":\"El pasado d\u00eda tres de marzo realizamos una traves\u00eda que est\u00e1 siendo cl\u00e1sica ya en nuestro club. Partiendo de Montejaque, este pintoresco...\",\"breadcrumb\":{\"@id\":\"https:\\\/\\\/clubsierradelpinar.es\\\/index.php\\\/2024\\\/03\\\/05\\\/travesia-de-montejaque-al-puerto-de-los-alamillos\\\/#breadcrumb\"},\"inLanguage\":\"es\",\"potentialAction\":[{\"@type\":\"ReadAction\",\"target\":[\"https:\\\/\\\/clubsierradelpinar.es\\\/index.php\\\/2024\\\/03\\\/05\\\/travesia-de-montejaque-al-puerto-de-los-alamillos\\\/\"]}]},{\"@type\":\"ImageObject\",\"inLanguage\":\"es\",\"@id\":\"https:\\\/\\\/clubsierradelpinar.es\\\/index.php\\\/2024\\\/03\\\/05\\\/travesia-de-montejaque-al-puerto-de-los-alamillos\\\/#primaryimage\",\"url\":\"https:\\\/\\\/clubsierradelpinar.es\\\/wp-content\\\/uploads\\\/2024\\\/03\\\/montejaque-alamillos9.jpeg\",\"contentUrl\":\"https:\\\/\\\/clubsierradelpinar.es\\\/wp-content\\\/uploads\\\/2024\\\/03\\\/montejaque-alamillos9.jpeg\",\"width\":1600,\"height\":1087},{\"@type\":\"BreadcrumbList\",\"@id\":\"https:\\\/\\\/clubsierradelpinar.es\\\/index.php\\\/2024\\\/03\\\/05\\\/travesia-de-montejaque-al-puerto-de-los-alamillos\\\/#breadcrumb\",\"itemListElement\":[{\"@type\":\"ListItem\",\"position\":1,\"name\":\"Portada\",\"item\":\"https:\\\/\\\/clubsierradelpinar.es\\\/\"},{\"@type\":\"ListItem\",\"position\":2,\"name\":\"Traves\u00eda de Montejaque al puerto de Los Alamillos\"}]},{\"@type\":\"WebSite\",\"@id\":\"https:\\\/\\\/clubsierradelpinar.es\\\/#website\",\"url\":\"https:\\\/\\\/clubsierradelpinar.es\\\/\",\"name\":\"Club Monta&ntilde;ero Sierra del Pinar\",\"description\":\"Subiendo monta&ntilde;as desde 1971\",\"publisher\":{\"@id\":\"https:\\\/\\\/clubsierradelpinar.es\\\/#organization\"},\"potentialAction\":[{\"@type\":\"SearchAction\",\"target\":{\"@type\":\"EntryPoint\",\"urlTemplate\":\"https:\\\/\\\/clubsierradelpinar.es\\\/?s={search_term_string}\"},\"query-input\":{\"@type\":\"PropertyValueSpecification\",\"valueRequired\":true,\"valueName\":\"search_term_string\"}}],\"inLanguage\":\"es\"},{\"@type\":\"Organization\",\"@id\":\"https:\\\/\\\/clubsierradelpinar.es\\\/#organization\",\"name\":\"Club Monta\u00f1ero Sierra del Pinar\",\"url\":\"https:\\\/\\\/clubsierradelpinar.es\\\/\",\"logo\":{\"@type\":\"ImageObject\",\"inLanguage\":\"es\",\"@id\":\"https:\\\/\\\/clubsierradelpinar.es\\\/#\\\/schema\\\/logo\\\/image\\\/\",\"url\":\"https:\\\/\\\/clubsierradelpinar.es\\\/wp-content\\\/uploads\\\/2021\\\/11\\\/cropped-logo.png\",\"contentUrl\":\"https:\\\/\\\/clubsierradelpinar.es\\\/wp-content\\\/uploads\\\/2021\\\/11\\\/cropped-logo.png\",\"width\":512,\"height\":512,\"caption\":\"Club Monta\u00f1ero Sierra del Pinar\"},\"image\":{\"@id\":\"https:\\\/\\\/clubsierradelpinar.es\\\/#\\\/schema\\\/logo\\\/image\\\/\"},\"sameAs\":[\"https:\\\/\\\/www.facebook.com\\\/montaneros.sierradelpinar\",\"https:\\\/\\\/x.com\\\/sierradelpinar\",\"https:\\\/\\\/www.instagram.com\\\/sierradelpinar\\\/\"]},{\"@type\":\"Person\",\"@id\":\"https:\\\/\\\/clubsierradelpinar.es\\\/#\\\/schema\\\/person\\\/b97c28bad1e5ab53603e57141f123c13\",\"name\":\"Club Monta\u00f1ero Sierra del Pinar\",\"image\":{\"@type\":\"ImageObject\",\"inLanguage\":\"es\",\"@id\":\"https:\\\/\\\/secure.gravatar.com\\\/avatar\\\/662a4c1e48a4d4b2ba7d48f27859771e93c8976e8b986829cb508926aeec8feb?s=96&d=mm&r=g\",\"url\":\"https:\\\/\\\/secure.gravatar.com\\\/avatar\\\/662a4c1e48a4d4b2ba7d48f27859771e93c8976e8b986829cb508926aeec8feb?s=96&d=mm&r=g\",\"contentUrl\":\"https:\\\/\\\/secure.gravatar.com\\\/avatar\\\/662a4c1e48a4d4b2ba7d48f27859771e93c8976e8b986829cb508926aeec8feb?s=96&d=mm&r=g\",\"caption\":\"Club Monta\u00f1ero Sierra del Pinar\"},\"description\":\"Subiendo monta\u00f1as desde 1971\",\"sameAs\":[\"https:\\\/\\\/clubsierradelpinar.es\",\"https:\\\/\\\/www.facebook.com\\\/montaneros.sierradelpinar\\\/\",\"https:\\\/\\\/www.instagram.com\\\/sierradelpinar\\\/\",\"https:\\\/\\\/x.com\\\/sierradelpinar\",\"https:\\\/\\\/www.youtube.com\\\/channel\\\/UCDOkEXLUJjNkLoIrKWYv38w\"],\"url\":\"https:\\\/\\\/clubsierradelpinar.es\\\/index.php\\\/author\\\/club\\\/\"}]}<\/script>\n<!-- \/ Yoast SEO plugin. -->","yoast_head_json":{"title":"Traves\u00eda de Montejaque al puerto de Los Alamillos - Club Monta&ntilde;ero Sierra del Pinar","description":"El pasado d\u00eda tres de marzo realizamos una traves\u00eda que est\u00e1 siendo cl\u00e1sica ya en nuestro club. Partiendo de Montejaque, este pintoresco...","robots":{"index":"index","follow":"follow","max-snippet":"max-snippet:-1","max-image-preview":"max-image-preview:large","max-video-preview":"max-video-preview:-1"},"canonical":"https:\/\/clubsierradelpinar.es\/index.php\/2024\/03\/05\/travesia-de-montejaque-al-puerto-de-los-alamillos\/","og_locale":"es_ES","og_type":"article","og_title":"Traves\u00eda de Montejaque al puerto de Los Alamillos","og_description":"El pasado d\u00eda tres de marzo realizamos una traves\u00eda que est\u00e1 siendo cl\u00e1sica ya en nuestro club. Partiendo de Montejaque, este pintoresco pueblo de la serran\u00eda malague\u00f1a, tomamos la calle de L\u00edbar para enlazar con el sendero del Hacho Bajo.","og_url":"https:\/\/clubsierradelpinar.es\/index.php\/2024\/03\/05\/travesia-de-montejaque-al-puerto-de-los-alamillos\/","og_site_name":"Club Monta&ntilde;ero Sierra del Pinar","article_publisher":"https:\/\/www.facebook.com\/montaneros.sierradelpinar","article_author":"https:\/\/www.facebook.com\/montaneros.sierradelpinar\/","article_published_time":"2024-03-05T20:09:13+00:00","article_modified_time":"2024-03-05T20:09:14+00:00","og_image":[{"width":1600,"height":1087,"url":"https:\/\/clubsierradelpinar.es\/wp-content\/uploads\/2024\/03\/montejaque-alamillos9.jpeg","type":"image\/jpeg"}],"author":"Club Monta\u00f1ero Sierra del Pinar","twitter_card":"summary_large_image","twitter_title":"Traves\u00eda de Montejaque al puerto de Los Alamillos","twitter_description":"El pasado d\u00eda tres de marzo realizamos una traves\u00eda que est\u00e1 siendo cl\u00e1sica ya en nuestro club. Partiendo de Montejaque, este pintoresco pueblo de la serran\u00eda malague\u00f1a, tomamos la calle de L\u00edbar para enlazar con el sendero del Hacho Bajo.","twitter_image":"https:\/\/clubsierradelpinar.es\/wp-content\/uploads\/2024\/03\/montejaque-alamillos9.jpeg","twitter_creator":"@sierradelpinar","twitter_site":"@sierradelpinar","twitter_misc":{"Escrito por":"Club Monta\u00f1ero Sierra del Pinar","Tiempo de lectura":"5 minutos"},"schema":{"@context":"https:\/\/schema.org","@graph":[{"@type":"Article","@id":"https:\/\/clubsierradelpinar.es\/index.php\/2024\/03\/05\/travesia-de-montejaque-al-puerto-de-los-alamillos\/#article","isPartOf":{"@id":"https:\/\/clubsierradelpinar.es\/index.php\/2024\/03\/05\/travesia-de-montejaque-al-puerto-de-los-alamillos\/"},"author":{"name":"Club Monta\u00f1ero Sierra del Pinar","@id":"https:\/\/clubsierradelpinar.es\/#\/schema\/person\/b97c28bad1e5ab53603e57141f123c13"},"headline":"Traves\u00eda de Montejaque al puerto de Los Alamillos","datePublished":"2024-03-05T20:09:13+00:00","dateModified":"2024-03-05T20:09:14+00:00","mainEntityOfPage":{"@id":"https:\/\/clubsierradelpinar.es\/index.php\/2024\/03\/05\/travesia-de-montejaque-al-puerto-de-los-alamillos\/"},"wordCount":745,"commentCount":0,"publisher":{"@id":"https:\/\/clubsierradelpinar.es\/#organization"},"image":{"@id":"https:\/\/clubsierradelpinar.es\/index.php\/2024\/03\/05\/travesia-de-montejaque-al-puerto-de-los-alamillos\/#primaryimage"},"thumbnailUrl":"https:\/\/clubsierradelpinar.es\/wp-content\/uploads\/2024\/03\/montejaque-alamillos9.jpeg","keywords":["PN Sierra de Grazalema","Rutas","Senderismo","Traves\u00eda"],"articleSection":["Senderismo"],"inLanguage":"es","potentialAction":[{"@type":"CommentAction","name":"Comment","target":["https:\/\/clubsierradelpinar.es\/index.php\/2024\/03\/05\/travesia-de-montejaque-al-puerto-de-los-alamillos\/#respond"]}]},{"@type":"WebPage","@id":"https:\/\/clubsierradelpinar.es\/index.php\/2024\/03\/05\/travesia-de-montejaque-al-puerto-de-los-alamillos\/","url":"https:\/\/clubsierradelpinar.es\/index.php\/2024\/03\/05\/travesia-de-montejaque-al-puerto-de-los-alamillos\/","name":"Traves\u00eda de Montejaque al puerto de Los Alamillos - Club Monta&ntilde;ero Sierra del Pinar","isPartOf":{"@id":"https:\/\/clubsierradelpinar.es\/#website"},"primaryImageOfPage":{"@id":"https:\/\/clubsierradelpinar.es\/index.php\/2024\/03\/05\/travesia-de-montejaque-al-puerto-de-los-alamillos\/#primaryimage"},"image":{"@id":"https:\/\/clubsierradelpinar.es\/index.php\/2024\/03\/05\/travesia-de-montejaque-al-puerto-de-los-alamillos\/#primaryimage"},"thumbnailUrl":"https:\/\/clubsierradelpinar.es\/wp-content\/uploads\/2024\/03\/montejaque-alamillos9.jpeg","datePublished":"2024-03-05T20:09:13+00:00","dateModified":"2024-03-05T20:09:14+00:00","description":"El pasado d\u00eda tres de marzo realizamos una traves\u00eda que est\u00e1 siendo cl\u00e1sica ya en nuestro club. Partiendo de Montejaque, este pintoresco...","breadcrumb":{"@id":"https:\/\/clubsierradelpinar.es\/index.php\/2024\/03\/05\/travesia-de-montejaque-al-puerto-de-los-alamillos\/#breadcrumb"},"inLanguage":"es","potentialAction":[{"@type":"ReadAction","target":["https:\/\/clubsierradelpinar.es\/index.php\/2024\/03\/05\/travesia-de-montejaque-al-puerto-de-los-alamillos\/"]}]},{"@type":"ImageObject","inLanguage":"es","@id":"https:\/\/clubsierradelpinar.es\/index.php\/2024\/03\/05\/travesia-de-montejaque-al-puerto-de-los-alamillos\/#primaryimage","url":"https:\/\/clubsierradelpinar.es\/wp-content\/uploads\/2024\/03\/montejaque-alamillos9.jpeg","contentUrl":"https:\/\/clubsierradelpinar.es\/wp-content\/uploads\/2024\/03\/montejaque-alamillos9.jpeg","width":1600,"height":1087},{"@type":"BreadcrumbList","@id":"https:\/\/clubsierradelpinar.es\/index.php\/2024\/03\/05\/travesia-de-montejaque-al-puerto-de-los-alamillos\/#breadcrumb","itemListElement":[{"@type":"ListItem","position":1,"name":"Portada","item":"https:\/\/clubsierradelpinar.es\/"},{"@type":"ListItem","position":2,"name":"Traves\u00eda de Montejaque al puerto de Los Alamillos"}]},{"@type":"WebSite","@id":"https:\/\/clubsierradelpinar.es\/#website","url":"https:\/\/clubsierradelpinar.es\/","name":"Club Monta&ntilde;ero Sierra del Pinar","description":"Subiendo monta&ntilde;as desde 1971","publisher":{"@id":"https:\/\/clubsierradelpinar.es\/#organization"},"potentialAction":[{"@type":"SearchAction","target":{"@type":"EntryPoint","urlTemplate":"https:\/\/clubsierradelpinar.es\/?s={search_term_string}"},"query-input":{"@type":"PropertyValueSpecification","valueRequired":true,"valueName":"search_term_string"}}],"inLanguage":"es"},{"@type":"Organization","@id":"https:\/\/clubsierradelpinar.es\/#organization","name":"Club Monta\u00f1ero Sierra del Pinar","url":"https:\/\/clubsierradelpinar.es\/","logo":{"@type":"ImageObject","inLanguage":"es","@id":"https:\/\/clubsierradelpinar.es\/#\/schema\/logo\/image\/","url":"https:\/\/clubsierradelpinar.es\/wp-content\/uploads\/2021\/11\/cropped-logo.png","contentUrl":"https:\/\/clubsierradelpinar.es\/wp-content\/uploads\/2021\/11\/cropped-logo.png","width":512,"height":512,"caption":"Club Monta\u00f1ero Sierra del Pinar"},"image":{"@id":"https:\/\/clubsierradelpinar.es\/#\/schema\/logo\/image\/"},"sameAs":["https:\/\/www.facebook.com\/montaneros.sierradelpinar","https:\/\/x.com\/sierradelpinar","https:\/\/www.instagram.com\/sierradelpinar\/"]},{"@type":"Person","@id":"https:\/\/clubsierradelpinar.es\/#\/schema\/person\/b97c28bad1e5ab53603e57141f123c13","name":"Club Monta\u00f1ero Sierra del Pinar","image":{"@type":"ImageObject","inLanguage":"es","@id":"https:\/\/secure.gravatar.com\/avatar\/662a4c1e48a4d4b2ba7d48f27859771e93c8976e8b986829cb508926aeec8feb?s=96&d=mm&r=g","url":"https:\/\/secure.gravatar.com\/avatar\/662a4c1e48a4d4b2ba7d48f27859771e93c8976e8b986829cb508926aeec8feb?s=96&d=mm&r=g","contentUrl":"https:\/\/secure.gravatar.com\/avatar\/662a4c1e48a4d4b2ba7d48f27859771e93c8976e8b986829cb508926aeec8feb?s=96&d=mm&r=g","caption":"Club Monta\u00f1ero Sierra del Pinar"},"description":"Subiendo monta\u00f1as desde 1971","sameAs":["https:\/\/clubsierradelpinar.es","https:\/\/www.facebook.com\/montaneros.sierradelpinar\/","https:\/\/www.instagram.com\/sierradelpinar\/","https:\/\/x.com\/sierradelpinar","https:\/\/www.youtube.com\/channel\/UCDOkEXLUJjNkLoIrKWYv38w"],"url":"https:\/\/clubsierradelpinar.es\/index.php\/author\/club\/"}]}},"_links":{"self":[{"href":"https:\/\/clubsierradelpinar.es\/index.php\/wp-json\/wp\/v2\/posts\/2040","targetHints":{"allow":["GET"]}}],"collection":[{"href":"https:\/\/clubsierradelpinar.es\/index.php\/wp-json\/wp\/v2\/posts"}],"about":[{"href":"https:\/\/clubsierradelpinar.es\/index.php\/wp-json\/wp\/v2\/types\/post"}],"author":[{"embeddable":true,"href":"https:\/\/clubsierradelpinar.es\/index.php\/wp-json\/wp\/v2\/users\/2"}],"replies":[{"embeddable":true,"href":"https:\/\/clubsierradelpinar.es\/index.php\/wp-json\/wp\/v2\/comments?post=2040"}],"version-history":[{"count":3,"href":"https:\/\/clubsierradelpinar.es\/index.php\/wp-json\/wp\/v2\/posts\/2040\/revisions"}],"predecessor-version":[{"id":2047,"href":"https:\/\/clubsierradelpinar.es\/index.php\/wp-json\/wp\/v2\/posts\/2040\/revisions\/2047"}],"wp:featuredmedia":[{"embeddable":true,"href":"https:\/\/clubsierradelpinar.es\/index.php\/wp-json\/wp\/v2\/media\/2042"}],"wp:attachment":[{"href":"https:\/\/clubsierradelpinar.es\/index.php\/wp-json\/wp\/v2\/media?parent=2040"}],"wp:term":[{"taxonomy":"category","embeddable":true,"href":"https:\/\/clubsierradelpinar.es\/index.php\/wp-json\/wp\/v2\/categories?post=2040"},{"taxonomy":"post_tag","embeddable":true,"href":"https:\/\/clubsierradelpinar.es\/index.php\/wp-json\/wp\/v2\/tags?post=2040"}],"curies":[{"name":"wp","href":"https:\/\/api.w.org\/{rel}","templated":true}]}}