{"id":1855,"date":"2023-12-19T19:54:00","date_gmt":"2023-12-19T18:54:00","guid":{"rendered":"https:\/\/clubsierradelpinar.es\/?p=1855"},"modified":"2023-12-26T20:41:13","modified_gmt":"2023-12-26T19:41:13","slug":"ascension-al-penon-de-los-enamorados","status":"publish","type":"post","link":"https:\/\/clubsierradelpinar.es\/index.php\/2023\/12\/19\/ascension-al-penon-de-los-enamorados\/","title":{"rendered":"Ascensi\u00f3n al Pe\u00f1\u00f3n de los Enamorados"},"content":{"rendered":"\n<p>El pasado tres de diciembre un amplio grupo de socios y amigos quedamos como de costumbre en la avenida de Europa a las ocho menos cuarto, esta vez en coches particulares para dirigirnos al parque nacional de la Sierra de las Nieves con la intenci\u00f3n de ascender al Pe\u00f1\u00f3n de los Enamorados (1.777 m.s.n.m.). Despu\u00e9s de la preceptiva parada para desayunar llegamos al \u00e1rea recreativa del cortijo de Los Quejigales a las diez y media de la ma\u00f1ana.<\/p>\n\n\n\n<figure data-wp-context=\"{&quot;imageId&quot;:&quot;69efe4af7458a&quot;}\" data-wp-interactive=\"core\/image\" data-wp-key=\"69efe4af7458a\" class=\"wp-block-image size-large wp-lightbox-container\"><img loading=\"lazy\" decoding=\"async\" width=\"1024\" height=\"460\" data-wp-class--hide=\"state.isContentHidden\" data-wp-class--show=\"state.isContentVisible\" data-wp-init=\"callbacks.setButtonStyles\" data-wp-on--click=\"actions.showLightbox\" data-wp-on--load=\"callbacks.setButtonStyles\" data-wp-on-window--resize=\"callbacks.setButtonStyles\" src=\"https:\/\/clubsierradelpinar.es\/wp-content\/uploads\/2023\/12\/01_quejigales-salida-1024x460.jpeg\" alt=\"\" class=\"wp-image-1863\" srcset=\"https:\/\/clubsierradelpinar.es\/wp-content\/uploads\/2023\/12\/01_quejigales-salida-1024x460.jpeg 1024w, https:\/\/clubsierradelpinar.es\/wp-content\/uploads\/2023\/12\/01_quejigales-salida-300x135.jpeg 300w, https:\/\/clubsierradelpinar.es\/wp-content\/uploads\/2023\/12\/01_quejigales-salida-768x345.jpeg 768w, https:\/\/clubsierradelpinar.es\/wp-content\/uploads\/2023\/12\/01_quejigales-salida-1536x689.jpeg 1536w, https:\/\/clubsierradelpinar.es\/wp-content\/uploads\/2023\/12\/01_quejigales-salida.jpeg 1600w\" sizes=\"auto, (max-width: 1024px) 100vw, 1024px\" \/><button\n\t\t\tclass=\"lightbox-trigger\"\n\t\t\ttype=\"button\"\n\t\t\taria-haspopup=\"dialog\"\n\t\t\taria-label=\"Agrandar\"\n\t\t\tdata-wp-init=\"callbacks.initTriggerButton\"\n\t\t\tdata-wp-on--click=\"actions.showLightbox\"\n\t\t\tdata-wp-style--right=\"state.imageButtonRight\"\n\t\t\tdata-wp-style--top=\"state.imageButtonTop\"\n\t\t>\n\t\t\t<svg xmlns=\"http:\/\/www.w3.org\/2000\/svg\" width=\"12\" height=\"12\" fill=\"none\" viewBox=\"0 0 12 12\">\n\t\t\t\t<path fill=\"#fff\" d=\"M2 0a2 2 0 0 0-2 2v2h1.5V2a.5.5 0 0 1 .5-.5h2V0H2Zm2 10.5H2a.5.5 0 0 1-.5-.5V8H0v2a2 2 0 0 0 2 2h2v-1.5ZM8 12v-1.5h2a.5.5 0 0 0 .5-.5V8H12v2a2 2 0 0 1-2 2H8Zm2-12a2 2 0 0 1 2 2v2h-1.5V2a.5.5 0 0 0-.5-.5H8V0h2Z\" \/>\n\t\t\t<\/svg>\n\t\t<\/button><\/figure>\n\n\n\n<p>En esta ocasi\u00f3n Faustino fue nuestro gu\u00eda y antes de comenzar la ruta nos record\u00f3 que la sierra de las Nieves fue el primer lugar para tomar contacto y ascender cumbres nevadas para los socios del club fuera de nuestra sierra de Grazalema.<\/p>\n\n\n\n<div class=\"wp-block-columns are-vertically-aligned-center is-layout-flex wp-container-core-columns-is-layout-28f84493 wp-block-columns-is-layout-flex\">\n<div class=\"wp-block-column is-vertically-aligned-center is-layout-flow wp-block-column-is-layout-flow\">\n<figure data-wp-context=\"{&quot;imageId&quot;:&quot;69efe4af74b30&quot;}\" data-wp-interactive=\"core\/image\" data-wp-key=\"69efe4af74b30\" class=\"wp-block-image size-large wp-lightbox-container\"><img loading=\"lazy\" decoding=\"async\" width=\"1024\" height=\"768\" data-wp-class--hide=\"state.isContentHidden\" data-wp-class--show=\"state.isContentVisible\" data-wp-init=\"callbacks.setButtonStyles\" data-wp-on--click=\"actions.showLightbox\" data-wp-on--load=\"callbacks.setButtonStyles\" data-wp-on-window--resize=\"callbacks.setButtonStyles\" src=\"https:\/\/clubsierradelpinar.es\/wp-content\/uploads\/2023\/12\/02_mirador-coloraillos-1024x768.jpeg\" alt=\"\" class=\"wp-image-1862\" srcset=\"https:\/\/clubsierradelpinar.es\/wp-content\/uploads\/2023\/12\/02_mirador-coloraillos-1024x768.jpeg 1024w, https:\/\/clubsierradelpinar.es\/wp-content\/uploads\/2023\/12\/02_mirador-coloraillos-300x225.jpeg 300w, https:\/\/clubsierradelpinar.es\/wp-content\/uploads\/2023\/12\/02_mirador-coloraillos-768x576.jpeg 768w, https:\/\/clubsierradelpinar.es\/wp-content\/uploads\/2023\/12\/02_mirador-coloraillos-1536x1152.jpeg 1536w, https:\/\/clubsierradelpinar.es\/wp-content\/uploads\/2023\/12\/02_mirador-coloraillos.jpeg 2000w\" sizes=\"auto, (max-width: 1024px) 100vw, 1024px\" \/><button\n\t\t\tclass=\"lightbox-trigger\"\n\t\t\ttype=\"button\"\n\t\t\taria-haspopup=\"dialog\"\n\t\t\taria-label=\"Agrandar\"\n\t\t\tdata-wp-init=\"callbacks.initTriggerButton\"\n\t\t\tdata-wp-on--click=\"actions.showLightbox\"\n\t\t\tdata-wp-style--right=\"state.imageButtonRight\"\n\t\t\tdata-wp-style--top=\"state.imageButtonTop\"\n\t\t>\n\t\t\t<svg xmlns=\"http:\/\/www.w3.org\/2000\/svg\" width=\"12\" height=\"12\" fill=\"none\" viewBox=\"0 0 12 12\">\n\t\t\t\t<path fill=\"#fff\" d=\"M2 0a2 2 0 0 0-2 2v2h1.5V2a.5.5 0 0 1 .5-.5h2V0H2Zm2 10.5H2a.5.5 0 0 1-.5-.5V8H0v2a2 2 0 0 0 2 2h2v-1.5ZM8 12v-1.5h2a.5.5 0 0 0 .5-.5V8H12v2a2 2 0 0 1-2 2H8Zm2-12a2 2 0 0 1 2 2v2h-1.5V2a.5.5 0 0 0-.5-.5H8V0h2Z\" \/>\n\t\t\t<\/svg>\n\t\t<\/button><\/figure>\n<\/div>\n\n\n\n<div class=\"wp-block-column is-vertically-aligned-center is-layout-flow wp-block-column-is-layout-flow\">\n<figure data-wp-context=\"{&quot;imageId&quot;:&quot;69efe4af754cd&quot;}\" data-wp-interactive=\"core\/image\" data-wp-key=\"69efe4af754cd\" class=\"wp-block-image size-large wp-lightbox-container\"><img loading=\"lazy\" decoding=\"async\" width=\"1024\" height=\"460\" data-wp-class--hide=\"state.isContentHidden\" data-wp-class--show=\"state.isContentVisible\" data-wp-init=\"callbacks.setButtonStyles\" data-wp-on--click=\"actions.showLightbox\" data-wp-on--load=\"callbacks.setButtonStyles\" data-wp-on-window--resize=\"callbacks.setButtonStyles\" src=\"https:\/\/clubsierradelpinar.es\/wp-content\/uploads\/2023\/12\/03_canada-animas-1024x460.jpeg\" alt=\"\" class=\"wp-image-1861\" srcset=\"https:\/\/clubsierradelpinar.es\/wp-content\/uploads\/2023\/12\/03_canada-animas-1024x460.jpeg 1024w, https:\/\/clubsierradelpinar.es\/wp-content\/uploads\/2023\/12\/03_canada-animas-300x135.jpeg 300w, https:\/\/clubsierradelpinar.es\/wp-content\/uploads\/2023\/12\/03_canada-animas-768x345.jpeg 768w, https:\/\/clubsierradelpinar.es\/wp-content\/uploads\/2023\/12\/03_canada-animas.jpeg 1280w\" sizes=\"auto, (max-width: 1024px) 100vw, 1024px\" \/><button\n\t\t\tclass=\"lightbox-trigger\"\n\t\t\ttype=\"button\"\n\t\t\taria-haspopup=\"dialog\"\n\t\t\taria-label=\"Agrandar\"\n\t\t\tdata-wp-init=\"callbacks.initTriggerButton\"\n\t\t\tdata-wp-on--click=\"actions.showLightbox\"\n\t\t\tdata-wp-style--right=\"state.imageButtonRight\"\n\t\t\tdata-wp-style--top=\"state.imageButtonTop\"\n\t\t>\n\t\t\t<svg xmlns=\"http:\/\/www.w3.org\/2000\/svg\" width=\"12\" height=\"12\" fill=\"none\" viewBox=\"0 0 12 12\">\n\t\t\t\t<path fill=\"#fff\" d=\"M2 0a2 2 0 0 0-2 2v2h1.5V2a.5.5 0 0 1 .5-.5h2V0H2Zm2 10.5H2a.5.5 0 0 1-.5-.5V8H0v2a2 2 0 0 0 2 2h2v-1.5ZM8 12v-1.5h2a.5.5 0 0 0 .5-.5V8H12v2a2 2 0 0 1-2 2H8Zm2-12a2 2 0 0 1 2 2v2h-1.5V2a.5.5 0 0 0-.5-.5H8V0h2Z\" \/>\n\t\t\t<\/svg>\n\t\t<\/button><\/figure>\n<\/div>\n\n\n\n<div class=\"wp-block-column is-vertically-aligned-center is-layout-flow wp-block-column-is-layout-flow\">\n<figure data-wp-context=\"{&quot;imageId&quot;:&quot;69efe4af759da&quot;}\" data-wp-interactive=\"core\/image\" data-wp-key=\"69efe4af759da\" class=\"wp-block-image size-large wp-lightbox-container\"><img loading=\"lazy\" decoding=\"async\" width=\"576\" height=\"1024\" data-wp-class--hide=\"state.isContentHidden\" data-wp-class--show=\"state.isContentVisible\" data-wp-init=\"callbacks.setButtonStyles\" data-wp-on--click=\"actions.showLightbox\" data-wp-on--load=\"callbacks.setButtonStyles\" data-wp-on-window--resize=\"callbacks.setButtonStyles\" src=\"https:\/\/clubsierradelpinar.es\/wp-content\/uploads\/2023\/12\/04_pozo-nieve-576x1024.jpeg\" alt=\"\" class=\"wp-image-1860\" srcset=\"https:\/\/clubsierradelpinar.es\/wp-content\/uploads\/2023\/12\/04_pozo-nieve-576x1024.jpeg 576w, https:\/\/clubsierradelpinar.es\/wp-content\/uploads\/2023\/12\/04_pozo-nieve-169x300.jpeg 169w, https:\/\/clubsierradelpinar.es\/wp-content\/uploads\/2023\/12\/04_pozo-nieve.jpeg 720w\" sizes=\"auto, (max-width: 576px) 100vw, 576px\" \/><button\n\t\t\tclass=\"lightbox-trigger\"\n\t\t\ttype=\"button\"\n\t\t\taria-haspopup=\"dialog\"\n\t\t\taria-label=\"Agrandar\"\n\t\t\tdata-wp-init=\"callbacks.initTriggerButton\"\n\t\t\tdata-wp-on--click=\"actions.showLightbox\"\n\t\t\tdata-wp-style--right=\"state.imageButtonRight\"\n\t\t\tdata-wp-style--top=\"state.imageButtonTop\"\n\t\t>\n\t\t\t<svg xmlns=\"http:\/\/www.w3.org\/2000\/svg\" width=\"12\" height=\"12\" fill=\"none\" viewBox=\"0 0 12 12\">\n\t\t\t\t<path fill=\"#fff\" d=\"M2 0a2 2 0 0 0-2 2v2h1.5V2a.5.5 0 0 1 .5-.5h2V0H2Zm2 10.5H2a.5.5 0 0 1-.5-.5V8H0v2a2 2 0 0 0 2 2h2v-1.5ZM8 12v-1.5h2a.5.5 0 0 0 .5-.5V8H12v2a2 2 0 0 1-2 2H8Zm2-12a2 2 0 0 1 2 2v2h-1.5V2a.5.5 0 0 0-.5-.5H8V0h2Z\" \/>\n\t\t\t<\/svg>\n\t\t<\/button><\/figure>\n<\/div>\n<\/div>\n\n\n\n<p>Emprendimos la marcha por el carril buscando el mirador de los Coloraillos donde hicimos la primera parada de reagrupamiento, desde all\u00ed enfilamos la ca\u00f1ada de las \u00c1nimas por donde realizamos el ascenso entre alg\u00fan casta\u00f1o de grandes dimensiones, impresionantes ejemplares de Pinsapos y un abundante matorral al principio, una vez llegados al pozo de la nieve de Tolox vemos el cambio de ecosistema forestal al de media monta\u00f1a rocoso con la atormentada presencia de los quejigos, nos gu\u00eda una indicaci\u00f3n hacia Puerto Saucillo, lugar desde donde ascendimos la temporada pasada, seguimos nuestro camino dejando a un lado la sima de Las Grajas y ya divisando el pe\u00f1\u00f3n delante de nosotros al cual ascendemos despu\u00e9s de una corta trepada, en la cumbre realizamos nuestra acostumbrada foto de grupo con un emotivo recuerdo para nuestro querido compa\u00f1ero Juan Castell fallecido repentinamente y al que no olvidaremos.<\/p>\n\n\n\n<figure data-wp-context=\"{&quot;imageId&quot;:&quot;69efe4af75fc9&quot;}\" data-wp-interactive=\"core\/image\" data-wp-key=\"69efe4af75fc9\" class=\"wp-block-image size-large wp-lightbox-container\"><img loading=\"lazy\" decoding=\"async\" width=\"1024\" height=\"461\" data-wp-class--hide=\"state.isContentHidden\" data-wp-class--show=\"state.isContentVisible\" data-wp-init=\"callbacks.setButtonStyles\" data-wp-on--click=\"actions.showLightbox\" data-wp-on--load=\"callbacks.setButtonStyles\" data-wp-on-window--resize=\"callbacks.setButtonStyles\" src=\"https:\/\/clubsierradelpinar.es\/wp-content\/uploads\/2023\/12\/06_cumbre-1024x461.jpeg\" alt=\"\" class=\"wp-image-1858\" srcset=\"https:\/\/clubsierradelpinar.es\/wp-content\/uploads\/2023\/12\/06_cumbre-1024x461.jpeg 1024w, https:\/\/clubsierradelpinar.es\/wp-content\/uploads\/2023\/12\/06_cumbre-300x135.jpeg 300w, https:\/\/clubsierradelpinar.es\/wp-content\/uploads\/2023\/12\/06_cumbre-768x346.jpeg 768w, https:\/\/clubsierradelpinar.es\/wp-content\/uploads\/2023\/12\/06_cumbre-1536x692.jpeg 1536w, https:\/\/clubsierradelpinar.es\/wp-content\/uploads\/2023\/12\/06_cumbre.jpeg 1600w\" sizes=\"auto, (max-width: 1024px) 100vw, 1024px\" \/><button\n\t\t\tclass=\"lightbox-trigger\"\n\t\t\ttype=\"button\"\n\t\t\taria-haspopup=\"dialog\"\n\t\t\taria-label=\"Agrandar\"\n\t\t\tdata-wp-init=\"callbacks.initTriggerButton\"\n\t\t\tdata-wp-on--click=\"actions.showLightbox\"\n\t\t\tdata-wp-style--right=\"state.imageButtonRight\"\n\t\t\tdata-wp-style--top=\"state.imageButtonTop\"\n\t\t>\n\t\t\t<svg xmlns=\"http:\/\/www.w3.org\/2000\/svg\" width=\"12\" height=\"12\" fill=\"none\" viewBox=\"0 0 12 12\">\n\t\t\t\t<path fill=\"#fff\" d=\"M2 0a2 2 0 0 0-2 2v2h1.5V2a.5.5 0 0 1 .5-.5h2V0H2Zm2 10.5H2a.5.5 0 0 1-.5-.5V8H0v2a2 2 0 0 0 2 2h2v-1.5ZM8 12v-1.5h2a.5.5 0 0 0 .5-.5V8H12v2a2 2 0 0 1-2 2H8Zm2-12a2 2 0 0 1 2 2v2h-1.5V2a.5.5 0 0 0-.5-.5H8V0h2Z\" \/>\n\t\t\t<\/svg>\n\t\t<\/button><\/figure>\n\n\n\n<p>Descendemos al llano al pie del pe\u00f1\u00f3n donde disfrutamos de nuestro almuerzo monta\u00f1ero, la rara ausencia del siempre presente viento en estos lugares nos permite gozar de un intercambio de viandas y vino delicioso.<\/p>\n\n\n\n<div class=\"wp-block-columns are-vertically-aligned-center is-layout-flex wp-container-core-columns-is-layout-28f84493 wp-block-columns-is-layout-flex\">\n<div class=\"wp-block-column is-vertically-aligned-center is-layout-flow wp-block-column-is-layout-flow\"><div class=\"wp-block-image\">\n<figure data-wp-context=\"{&quot;imageId&quot;:&quot;69efe4af76491&quot;}\" data-wp-interactive=\"core\/image\" data-wp-key=\"69efe4af76491\" class=\"aligncenter size-large wp-lightbox-container\"><img loading=\"lazy\" decoding=\"async\" width=\"1024\" height=\"661\" data-wp-class--hide=\"state.isContentHidden\" data-wp-class--show=\"state.isContentVisible\" data-wp-init=\"callbacks.setButtonStyles\" data-wp-on--click=\"actions.showLightbox\" data-wp-on--load=\"callbacks.setButtonStyles\" data-wp-on-window--resize=\"callbacks.setButtonStyles\" src=\"https:\/\/clubsierradelpinar.es\/wp-content\/uploads\/2023\/12\/08_puerto-pilones-1024x661.jpeg\" alt=\"\" class=\"wp-image-1856\" srcset=\"https:\/\/clubsierradelpinar.es\/wp-content\/uploads\/2023\/12\/08_puerto-pilones-1024x661.jpeg 1024w, https:\/\/clubsierradelpinar.es\/wp-content\/uploads\/2023\/12\/08_puerto-pilones-300x194.jpeg 300w, https:\/\/clubsierradelpinar.es\/wp-content\/uploads\/2023\/12\/08_puerto-pilones-768x495.jpeg 768w, https:\/\/clubsierradelpinar.es\/wp-content\/uploads\/2023\/12\/08_puerto-pilones-1536x991.jpeg 1536w, https:\/\/clubsierradelpinar.es\/wp-content\/uploads\/2023\/12\/08_puerto-pilones.jpeg 2048w\" sizes=\"auto, (max-width: 1024px) 100vw, 1024px\" \/><button\n\t\t\tclass=\"lightbox-trigger\"\n\t\t\ttype=\"button\"\n\t\t\taria-haspopup=\"dialog\"\n\t\t\taria-label=\"Agrandar\"\n\t\t\tdata-wp-init=\"callbacks.initTriggerButton\"\n\t\t\tdata-wp-on--click=\"actions.showLightbox\"\n\t\t\tdata-wp-style--right=\"state.imageButtonRight\"\n\t\t\tdata-wp-style--top=\"state.imageButtonTop\"\n\t\t>\n\t\t\t<svg xmlns=\"http:\/\/www.w3.org\/2000\/svg\" width=\"12\" height=\"12\" fill=\"none\" viewBox=\"0 0 12 12\">\n\t\t\t\t<path fill=\"#fff\" d=\"M2 0a2 2 0 0 0-2 2v2h1.5V2a.5.5 0 0 1 .5-.5h2V0H2Zm2 10.5H2a.5.5 0 0 1-.5-.5V8H0v2a2 2 0 0 0 2 2h2v-1.5ZM8 12v-1.5h2a.5.5 0 0 0 .5-.5V8H12v2a2 2 0 0 1-2 2H8Zm2-12a2 2 0 0 1 2 2v2h-1.5V2a.5.5 0 0 0-.5-.5H8V0h2Z\" \/>\n\t\t\t<\/svg>\n\t\t<\/button><\/figure>\n<\/div><\/div>\n\n\n\n<div class=\"wp-block-column is-vertically-aligned-center is-layout-flow wp-block-column-is-layout-flow\"><div class=\"wp-block-image\">\n<figure data-wp-context=\"{&quot;imageId&quot;:&quot;69efe4af76987&quot;}\" data-wp-interactive=\"core\/image\" data-wp-key=\"69efe4af76987\" class=\"aligncenter size-large wp-lightbox-container\"><img loading=\"lazy\" decoding=\"async\" width=\"1024\" height=\"750\" data-wp-class--hide=\"state.isContentHidden\" data-wp-class--show=\"state.isContentVisible\" data-wp-init=\"callbacks.setButtonStyles\" data-wp-on--click=\"actions.showLightbox\" data-wp-on--load=\"callbacks.setButtonStyles\" data-wp-on-window--resize=\"callbacks.setButtonStyles\" src=\"https:\/\/clubsierradelpinar.es\/wp-content\/uploads\/2023\/12\/07_torrecilla-1024x750.jpeg\" alt=\"\" class=\"wp-image-1857\" srcset=\"https:\/\/clubsierradelpinar.es\/wp-content\/uploads\/2023\/12\/07_torrecilla-1024x750.jpeg 1024w, https:\/\/clubsierradelpinar.es\/wp-content\/uploads\/2023\/12\/07_torrecilla-300x220.jpeg 300w, https:\/\/clubsierradelpinar.es\/wp-content\/uploads\/2023\/12\/07_torrecilla-768x562.jpeg 768w, https:\/\/clubsierradelpinar.es\/wp-content\/uploads\/2023\/12\/07_torrecilla-1536x1124.jpeg 1536w, https:\/\/clubsierradelpinar.es\/wp-content\/uploads\/2023\/12\/07_torrecilla.jpeg 2048w\" sizes=\"auto, (max-width: 1024px) 100vw, 1024px\" \/><button\n\t\t\tclass=\"lightbox-trigger\"\n\t\t\ttype=\"button\"\n\t\t\taria-haspopup=\"dialog\"\n\t\t\taria-label=\"Agrandar\"\n\t\t\tdata-wp-init=\"callbacks.initTriggerButton\"\n\t\t\tdata-wp-on--click=\"actions.showLightbox\"\n\t\t\tdata-wp-style--right=\"state.imageButtonRight\"\n\t\t\tdata-wp-style--top=\"state.imageButtonTop\"\n\t\t>\n\t\t\t<svg xmlns=\"http:\/\/www.w3.org\/2000\/svg\" width=\"12\" height=\"12\" fill=\"none\" viewBox=\"0 0 12 12\">\n\t\t\t\t<path fill=\"#fff\" d=\"M2 0a2 2 0 0 0-2 2v2h1.5V2a.5.5 0 0 1 .5-.5h2V0H2Zm2 10.5H2a.5.5 0 0 1-.5-.5V8H0v2a2 2 0 0 0 2 2h2v-1.5ZM8 12v-1.5h2a.5.5 0 0 0 .5-.5V8H12v2a2 2 0 0 1-2 2H8Zm2-12a2 2 0 0 1 2 2v2h-1.5V2a.5.5 0 0 0-.5-.5H8V0h2Z\" \/>\n\t\t\t<\/svg>\n\t\t<\/button><\/figure>\n<\/div><\/div>\n<\/div>\n\n\n\n<p>De vuelta tras el descanso nos dirigimos hacia el puerto de los pilones para bajar por la ca\u00f1ada del cuerno teniendo siempre a nuestra izquierda la loma en la que culmina la torrecilla, el juego de nubes entrando desde el oeste nos deja vistas espectaculares , durante todo el camino y desde distintos puntos hemos tenido presente nuestra querida sierra del pinar, ahora bajando por la ca\u00f1ada del cuerno disfrutamos de los impresionantes ejemplares de <em>Abies Pinsapo Boiss<\/em> que la caracterizan, sobre la cinco y media de la tarde con los \u00faltimos rayos solares regresamos a lo coches en los que nos despedimos emplazandonos para la zambomba.<\/p>\n\n\n\n<p class=\"has-text-align-right\">Texto: Jos\u00e9 A. R\u00edos Pan<\/p>\n","protected":false},"excerpt":{"rendered":"<p>El pasado tres de diciembre un amplio grupo de socios y amigos quedamos como de costumbre en la avenida de Europa a las ocho menos cuarto, esta vez en coches particulares para dirigirnos al parque nacional de la Sierra de las Nieves con la intenci\u00f3n de ascender al Pe\u00f1\u00f3n de los Enamorados (1.777 m.s.n.m.)<\/p>\n","protected":false},"author":2,"featured_media":1861,"comment_status":"open","ping_status":"open","sticky":false,"template":"","format":"standard","meta":{"footnotes":""},"categories":[48],"tags":[16,131,14,33],"class_list":["post-1855","post","type-post","status-publish","format-standard","has-post-thumbnail","hentry","category-senderismo","tag-circular","tag-pn-sierra-de-las-nieves","tag-rutas","tag-senderismo"],"yoast_head":"<!-- This site is optimized with the Yoast SEO plugin v27.3 - https:\/\/yoast.com\/product\/yoast-seo-wordpress\/ -->\n<title>Ascensi\u00f3n al Pe\u00f1\u00f3n de los Enamorados - Club Monta&ntilde;ero Sierra del Pinar<\/title>\n<meta name=\"description\" content=\"El pasado tres de diciembre un amplio grupo de socios y amigos quedamos como de costumbre en la avenida de Europa a las ocho menos cuarto, esta vez en coches particulares para dirigirnos al parque nacional de la Sierra de las Nieves con la intenci\u00f3n de ascender al Pe\u00f1\u00f3n de los Enamorados (1.777 m.s.n.m.)\" \/>\n<meta name=\"robots\" content=\"index, follow, max-snippet:-1, max-image-preview:large, max-video-preview:-1\" \/>\n<link rel=\"canonical\" href=\"https:\/\/clubsierradelpinar.es\/index.php\/2023\/12\/19\/ascension-al-penon-de-los-enamorados\/\" \/>\n<meta property=\"og:locale\" content=\"es_ES\" \/>\n<meta property=\"og:type\" content=\"article\" \/>\n<meta property=\"og:title\" content=\"Ascensi\u00f3n al Pe\u00f1\u00f3n de los Enamorados\" \/>\n<meta property=\"og:description\" content=\"El pasado tres de diciembre un amplio grupo de socios y amigos quedamos como de costumbre en la avenida de Europa a las ocho menos cuarto, esta vez en coches particulares para dirigirnos al parque nacional de la Sierra de las Nieves con la intenci\u00f3n de ascender al Pe\u00f1\u00f3n de los Enamorados (1.777 m.s.n.m.)\" \/>\n<meta property=\"og:url\" content=\"https:\/\/clubsierradelpinar.es\/index.php\/2023\/12\/19\/ascension-al-penon-de-los-enamorados\/\" \/>\n<meta property=\"og:site_name\" content=\"Club Monta&ntilde;ero Sierra del Pinar\" \/>\n<meta property=\"article:publisher\" content=\"https:\/\/www.facebook.com\/montaneros.sierradelpinar\" \/>\n<meta property=\"article:author\" content=\"https:\/\/www.facebook.com\/montaneros.sierradelpinar\/\" \/>\n<meta property=\"article:published_time\" content=\"2023-12-19T18:54:00+00:00\" \/>\n<meta property=\"article:modified_time\" content=\"2023-12-26T19:41:13+00:00\" \/>\n<meta property=\"og:image\" content=\"https:\/\/clubsierradelpinar.es\/wp-content\/uploads\/2023\/12\/03_canada-animas.jpeg\" \/>\n\t<meta property=\"og:image:width\" content=\"1280\" \/>\n\t<meta property=\"og:image:height\" content=\"575\" \/>\n\t<meta property=\"og:image:type\" content=\"image\/jpeg\" \/>\n<meta name=\"author\" content=\"Club Monta\u00f1ero Sierra del Pinar\" \/>\n<meta name=\"twitter:card\" content=\"summary_large_image\" \/>\n<meta name=\"twitter:title\" content=\"Ascensi\u00f3n al Pe\u00f1\u00f3n de los Enamorados\" \/>\n<meta name=\"twitter:description\" content=\"El pasado tres de diciembre un amplio grupo de socios y amigos quedamos como de costumbre en la avenida de Europa a las ocho menos cuarto, esta vez en coches particulares para dirigirnos al parque nacional de la Sierra de las Nieves con la intenci\u00f3n de ascender al Pe\u00f1\u00f3n de los Enamorados (1.777 m.s.n.m.)\" \/>\n<meta name=\"twitter:image\" content=\"https:\/\/clubsierradelpinar.es\/wp-content\/uploads\/2023\/12\/03_canada-animas.jpeg\" \/>\n<meta name=\"twitter:creator\" content=\"@sierradelpinar\" \/>\n<meta name=\"twitter:site\" content=\"@sierradelpinar\" \/>\n<meta name=\"twitter:label1\" content=\"Escrito por\" \/>\n\t<meta name=\"twitter:data1\" content=\"Club Monta\u00f1ero Sierra del Pinar\" \/>\n\t<meta name=\"twitter:label2\" content=\"Tiempo de lectura\" \/>\n\t<meta name=\"twitter:data2\" content=\"4 minutos\" \/>\n<script type=\"application\/ld+json\" class=\"yoast-schema-graph\">{\"@context\":\"https:\\\/\\\/schema.org\",\"@graph\":[{\"@type\":\"Article\",\"@id\":\"https:\\\/\\\/clubsierradelpinar.es\\\/index.php\\\/2023\\\/12\\\/19\\\/ascension-al-penon-de-los-enamorados\\\/#article\",\"isPartOf\":{\"@id\":\"https:\\\/\\\/clubsierradelpinar.es\\\/index.php\\\/2023\\\/12\\\/19\\\/ascension-al-penon-de-los-enamorados\\\/\"},\"author\":{\"name\":\"Club Monta\u00f1ero Sierra del Pinar\",\"@id\":\"https:\\\/\\\/clubsierradelpinar.es\\\/#\\\/schema\\\/person\\\/b97c28bad1e5ab53603e57141f123c13\"},\"headline\":\"Ascensi\u00f3n al Pe\u00f1\u00f3n de los Enamorados\",\"datePublished\":\"2023-12-19T18:54:00+00:00\",\"dateModified\":\"2023-12-26T19:41:13+00:00\",\"mainEntityOfPage\":{\"@id\":\"https:\\\/\\\/clubsierradelpinar.es\\\/index.php\\\/2023\\\/12\\\/19\\\/ascension-al-penon-de-los-enamorados\\\/\"},\"wordCount\":440,\"commentCount\":0,\"publisher\":{\"@id\":\"https:\\\/\\\/clubsierradelpinar.es\\\/#organization\"},\"image\":{\"@id\":\"https:\\\/\\\/clubsierradelpinar.es\\\/index.php\\\/2023\\\/12\\\/19\\\/ascension-al-penon-de-los-enamorados\\\/#primaryimage\"},\"thumbnailUrl\":\"https:\\\/\\\/clubsierradelpinar.es\\\/wp-content\\\/uploads\\\/2023\\\/12\\\/03_canada-animas.jpeg\",\"keywords\":[\"Circular\",\"PN Sierra de las Nieves\",\"Rutas\",\"Senderismo\"],\"articleSection\":[\"Senderismo\"],\"inLanguage\":\"es\",\"potentialAction\":[{\"@type\":\"CommentAction\",\"name\":\"Comment\",\"target\":[\"https:\\\/\\\/clubsierradelpinar.es\\\/index.php\\\/2023\\\/12\\\/19\\\/ascension-al-penon-de-los-enamorados\\\/#respond\"]}]},{\"@type\":\"WebPage\",\"@id\":\"https:\\\/\\\/clubsierradelpinar.es\\\/index.php\\\/2023\\\/12\\\/19\\\/ascension-al-penon-de-los-enamorados\\\/\",\"url\":\"https:\\\/\\\/clubsierradelpinar.es\\\/index.php\\\/2023\\\/12\\\/19\\\/ascension-al-penon-de-los-enamorados\\\/\",\"name\":\"Ascensi\u00f3n al Pe\u00f1\u00f3n de los Enamorados - Club Monta&ntilde;ero Sierra del Pinar\",\"isPartOf\":{\"@id\":\"https:\\\/\\\/clubsierradelpinar.es\\\/#website\"},\"primaryImageOfPage\":{\"@id\":\"https:\\\/\\\/clubsierradelpinar.es\\\/index.php\\\/2023\\\/12\\\/19\\\/ascension-al-penon-de-los-enamorados\\\/#primaryimage\"},\"image\":{\"@id\":\"https:\\\/\\\/clubsierradelpinar.es\\\/index.php\\\/2023\\\/12\\\/19\\\/ascension-al-penon-de-los-enamorados\\\/#primaryimage\"},\"thumbnailUrl\":\"https:\\\/\\\/clubsierradelpinar.es\\\/wp-content\\\/uploads\\\/2023\\\/12\\\/03_canada-animas.jpeg\",\"datePublished\":\"2023-12-19T18:54:00+00:00\",\"dateModified\":\"2023-12-26T19:41:13+00:00\",\"description\":\"El pasado tres de diciembre un amplio grupo de socios y amigos quedamos como de costumbre en la avenida de Europa a las ocho menos cuarto, esta vez en coches particulares para dirigirnos al parque nacional de la Sierra de las Nieves con la intenci\u00f3n de ascender al Pe\u00f1\u00f3n de los Enamorados (1.777 m.s.n.m.)\",\"breadcrumb\":{\"@id\":\"https:\\\/\\\/clubsierradelpinar.es\\\/index.php\\\/2023\\\/12\\\/19\\\/ascension-al-penon-de-los-enamorados\\\/#breadcrumb\"},\"inLanguage\":\"es\",\"potentialAction\":[{\"@type\":\"ReadAction\",\"target\":[\"https:\\\/\\\/clubsierradelpinar.es\\\/index.php\\\/2023\\\/12\\\/19\\\/ascension-al-penon-de-los-enamorados\\\/\"]}]},{\"@type\":\"ImageObject\",\"inLanguage\":\"es\",\"@id\":\"https:\\\/\\\/clubsierradelpinar.es\\\/index.php\\\/2023\\\/12\\\/19\\\/ascension-al-penon-de-los-enamorados\\\/#primaryimage\",\"url\":\"https:\\\/\\\/clubsierradelpinar.es\\\/wp-content\\\/uploads\\\/2023\\\/12\\\/03_canada-animas.jpeg\",\"contentUrl\":\"https:\\\/\\\/clubsierradelpinar.es\\\/wp-content\\\/uploads\\\/2023\\\/12\\\/03_canada-animas.jpeg\",\"width\":1280,\"height\":575},{\"@type\":\"BreadcrumbList\",\"@id\":\"https:\\\/\\\/clubsierradelpinar.es\\\/index.php\\\/2023\\\/12\\\/19\\\/ascension-al-penon-de-los-enamorados\\\/#breadcrumb\",\"itemListElement\":[{\"@type\":\"ListItem\",\"position\":1,\"name\":\"Portada\",\"item\":\"https:\\\/\\\/clubsierradelpinar.es\\\/\"},{\"@type\":\"ListItem\",\"position\":2,\"name\":\"Ascensi\u00f3n al Pe\u00f1\u00f3n de los Enamorados\"}]},{\"@type\":\"WebSite\",\"@id\":\"https:\\\/\\\/clubsierradelpinar.es\\\/#website\",\"url\":\"https:\\\/\\\/clubsierradelpinar.es\\\/\",\"name\":\"Club Monta&ntilde;ero Sierra del Pinar\",\"description\":\"Subiendo monta&ntilde;as desde 1971\",\"publisher\":{\"@id\":\"https:\\\/\\\/clubsierradelpinar.es\\\/#organization\"},\"potentialAction\":[{\"@type\":\"SearchAction\",\"target\":{\"@type\":\"EntryPoint\",\"urlTemplate\":\"https:\\\/\\\/clubsierradelpinar.es\\\/?s={search_term_string}\"},\"query-input\":{\"@type\":\"PropertyValueSpecification\",\"valueRequired\":true,\"valueName\":\"search_term_string\"}}],\"inLanguage\":\"es\"},{\"@type\":\"Organization\",\"@id\":\"https:\\\/\\\/clubsierradelpinar.es\\\/#organization\",\"name\":\"Club Monta\u00f1ero Sierra del Pinar\",\"url\":\"https:\\\/\\\/clubsierradelpinar.es\\\/\",\"logo\":{\"@type\":\"ImageObject\",\"inLanguage\":\"es\",\"@id\":\"https:\\\/\\\/clubsierradelpinar.es\\\/#\\\/schema\\\/logo\\\/image\\\/\",\"url\":\"https:\\\/\\\/clubsierradelpinar.es\\\/wp-content\\\/uploads\\\/2021\\\/11\\\/cropped-logo.png\",\"contentUrl\":\"https:\\\/\\\/clubsierradelpinar.es\\\/wp-content\\\/uploads\\\/2021\\\/11\\\/cropped-logo.png\",\"width\":512,\"height\":512,\"caption\":\"Club Monta\u00f1ero Sierra del Pinar\"},\"image\":{\"@id\":\"https:\\\/\\\/clubsierradelpinar.es\\\/#\\\/schema\\\/logo\\\/image\\\/\"},\"sameAs\":[\"https:\\\/\\\/www.facebook.com\\\/montaneros.sierradelpinar\",\"https:\\\/\\\/x.com\\\/sierradelpinar\",\"https:\\\/\\\/www.instagram.com\\\/sierradelpinar\\\/\"]},{\"@type\":\"Person\",\"@id\":\"https:\\\/\\\/clubsierradelpinar.es\\\/#\\\/schema\\\/person\\\/b97c28bad1e5ab53603e57141f123c13\",\"name\":\"Club Monta\u00f1ero Sierra del Pinar\",\"image\":{\"@type\":\"ImageObject\",\"inLanguage\":\"es\",\"@id\":\"https:\\\/\\\/secure.gravatar.com\\\/avatar\\\/662a4c1e48a4d4b2ba7d48f27859771e93c8976e8b986829cb508926aeec8feb?s=96&d=mm&r=g\",\"url\":\"https:\\\/\\\/secure.gravatar.com\\\/avatar\\\/662a4c1e48a4d4b2ba7d48f27859771e93c8976e8b986829cb508926aeec8feb?s=96&d=mm&r=g\",\"contentUrl\":\"https:\\\/\\\/secure.gravatar.com\\\/avatar\\\/662a4c1e48a4d4b2ba7d48f27859771e93c8976e8b986829cb508926aeec8feb?s=96&d=mm&r=g\",\"caption\":\"Club Monta\u00f1ero Sierra del Pinar\"},\"description\":\"Subiendo monta\u00f1as desde 1971\",\"sameAs\":[\"https:\\\/\\\/clubsierradelpinar.es\",\"https:\\\/\\\/www.facebook.com\\\/montaneros.sierradelpinar\\\/\",\"https:\\\/\\\/www.instagram.com\\\/sierradelpinar\\\/\",\"https:\\\/\\\/x.com\\\/sierradelpinar\",\"https:\\\/\\\/www.youtube.com\\\/channel\\\/UCDOkEXLUJjNkLoIrKWYv38w\"],\"url\":\"https:\\\/\\\/clubsierradelpinar.es\\\/index.php\\\/author\\\/club\\\/\"}]}<\/script>\n<!-- \/ Yoast SEO plugin. -->","yoast_head_json":{"title":"Ascensi\u00f3n al Pe\u00f1\u00f3n de los Enamorados - Club Monta&ntilde;ero Sierra del Pinar","description":"El pasado tres de diciembre un amplio grupo de socios y amigos quedamos como de costumbre en la avenida de Europa a las ocho menos cuarto, esta vez en coches particulares para dirigirnos al parque nacional de la Sierra de las Nieves con la intenci\u00f3n de ascender al Pe\u00f1\u00f3n de los Enamorados (1.777 m.s.n.m.)","robots":{"index":"index","follow":"follow","max-snippet":"max-snippet:-1","max-image-preview":"max-image-preview:large","max-video-preview":"max-video-preview:-1"},"canonical":"https:\/\/clubsierradelpinar.es\/index.php\/2023\/12\/19\/ascension-al-penon-de-los-enamorados\/","og_locale":"es_ES","og_type":"article","og_title":"Ascensi\u00f3n al Pe\u00f1\u00f3n de los Enamorados","og_description":"El pasado tres de diciembre un amplio grupo de socios y amigos quedamos como de costumbre en la avenida de Europa a las ocho menos cuarto, esta vez en coches particulares para dirigirnos al parque nacional de la Sierra de las Nieves con la intenci\u00f3n de ascender al Pe\u00f1\u00f3n de los Enamorados (1.777 m.s.n.m.)","og_url":"https:\/\/clubsierradelpinar.es\/index.php\/2023\/12\/19\/ascension-al-penon-de-los-enamorados\/","og_site_name":"Club Monta&ntilde;ero Sierra del Pinar","article_publisher":"https:\/\/www.facebook.com\/montaneros.sierradelpinar","article_author":"https:\/\/www.facebook.com\/montaneros.sierradelpinar\/","article_published_time":"2023-12-19T18:54:00+00:00","article_modified_time":"2023-12-26T19:41:13+00:00","og_image":[{"width":1280,"height":575,"url":"https:\/\/clubsierradelpinar.es\/wp-content\/uploads\/2023\/12\/03_canada-animas.jpeg","type":"image\/jpeg"}],"author":"Club Monta\u00f1ero Sierra del Pinar","twitter_card":"summary_large_image","twitter_title":"Ascensi\u00f3n al Pe\u00f1\u00f3n de los Enamorados","twitter_description":"El pasado tres de diciembre un amplio grupo de socios y amigos quedamos como de costumbre en la avenida de Europa a las ocho menos cuarto, esta vez en coches particulares para dirigirnos al parque nacional de la Sierra de las Nieves con la intenci\u00f3n de ascender al Pe\u00f1\u00f3n de los Enamorados (1.777 m.s.n.m.)","twitter_image":"https:\/\/clubsierradelpinar.es\/wp-content\/uploads\/2023\/12\/03_canada-animas.jpeg","twitter_creator":"@sierradelpinar","twitter_site":"@sierradelpinar","twitter_misc":{"Escrito por":"Club Monta\u00f1ero Sierra del Pinar","Tiempo de lectura":"4 minutos"},"schema":{"@context":"https:\/\/schema.org","@graph":[{"@type":"Article","@id":"https:\/\/clubsierradelpinar.es\/index.php\/2023\/12\/19\/ascension-al-penon-de-los-enamorados\/#article","isPartOf":{"@id":"https:\/\/clubsierradelpinar.es\/index.php\/2023\/12\/19\/ascension-al-penon-de-los-enamorados\/"},"author":{"name":"Club Monta\u00f1ero Sierra del Pinar","@id":"https:\/\/clubsierradelpinar.es\/#\/schema\/person\/b97c28bad1e5ab53603e57141f123c13"},"headline":"Ascensi\u00f3n al Pe\u00f1\u00f3n de los Enamorados","datePublished":"2023-12-19T18:54:00+00:00","dateModified":"2023-12-26T19:41:13+00:00","mainEntityOfPage":{"@id":"https:\/\/clubsierradelpinar.es\/index.php\/2023\/12\/19\/ascension-al-penon-de-los-enamorados\/"},"wordCount":440,"commentCount":0,"publisher":{"@id":"https:\/\/clubsierradelpinar.es\/#organization"},"image":{"@id":"https:\/\/clubsierradelpinar.es\/index.php\/2023\/12\/19\/ascension-al-penon-de-los-enamorados\/#primaryimage"},"thumbnailUrl":"https:\/\/clubsierradelpinar.es\/wp-content\/uploads\/2023\/12\/03_canada-animas.jpeg","keywords":["Circular","PN Sierra de las Nieves","Rutas","Senderismo"],"articleSection":["Senderismo"],"inLanguage":"es","potentialAction":[{"@type":"CommentAction","name":"Comment","target":["https:\/\/clubsierradelpinar.es\/index.php\/2023\/12\/19\/ascension-al-penon-de-los-enamorados\/#respond"]}]},{"@type":"WebPage","@id":"https:\/\/clubsierradelpinar.es\/index.php\/2023\/12\/19\/ascension-al-penon-de-los-enamorados\/","url":"https:\/\/clubsierradelpinar.es\/index.php\/2023\/12\/19\/ascension-al-penon-de-los-enamorados\/","name":"Ascensi\u00f3n al Pe\u00f1\u00f3n de los Enamorados - Club Monta&ntilde;ero Sierra del Pinar","isPartOf":{"@id":"https:\/\/clubsierradelpinar.es\/#website"},"primaryImageOfPage":{"@id":"https:\/\/clubsierradelpinar.es\/index.php\/2023\/12\/19\/ascension-al-penon-de-los-enamorados\/#primaryimage"},"image":{"@id":"https:\/\/clubsierradelpinar.es\/index.php\/2023\/12\/19\/ascension-al-penon-de-los-enamorados\/#primaryimage"},"thumbnailUrl":"https:\/\/clubsierradelpinar.es\/wp-content\/uploads\/2023\/12\/03_canada-animas.jpeg","datePublished":"2023-12-19T18:54:00+00:00","dateModified":"2023-12-26T19:41:13+00:00","description":"El pasado tres de diciembre un amplio grupo de socios y amigos quedamos como de costumbre en la avenida de Europa a las ocho menos cuarto, esta vez en coches particulares para dirigirnos al parque nacional de la Sierra de las Nieves con la intenci\u00f3n de ascender al Pe\u00f1\u00f3n de los Enamorados (1.777 m.s.n.m.)","breadcrumb":{"@id":"https:\/\/clubsierradelpinar.es\/index.php\/2023\/12\/19\/ascension-al-penon-de-los-enamorados\/#breadcrumb"},"inLanguage":"es","potentialAction":[{"@type":"ReadAction","target":["https:\/\/clubsierradelpinar.es\/index.php\/2023\/12\/19\/ascension-al-penon-de-los-enamorados\/"]}]},{"@type":"ImageObject","inLanguage":"es","@id":"https:\/\/clubsierradelpinar.es\/index.php\/2023\/12\/19\/ascension-al-penon-de-los-enamorados\/#primaryimage","url":"https:\/\/clubsierradelpinar.es\/wp-content\/uploads\/2023\/12\/03_canada-animas.jpeg","contentUrl":"https:\/\/clubsierradelpinar.es\/wp-content\/uploads\/2023\/12\/03_canada-animas.jpeg","width":1280,"height":575},{"@type":"BreadcrumbList","@id":"https:\/\/clubsierradelpinar.es\/index.php\/2023\/12\/19\/ascension-al-penon-de-los-enamorados\/#breadcrumb","itemListElement":[{"@type":"ListItem","position":1,"name":"Portada","item":"https:\/\/clubsierradelpinar.es\/"},{"@type":"ListItem","position":2,"name":"Ascensi\u00f3n al Pe\u00f1\u00f3n de los Enamorados"}]},{"@type":"WebSite","@id":"https:\/\/clubsierradelpinar.es\/#website","url":"https:\/\/clubsierradelpinar.es\/","name":"Club Monta&ntilde;ero Sierra del Pinar","description":"Subiendo monta&ntilde;as desde 1971","publisher":{"@id":"https:\/\/clubsierradelpinar.es\/#organization"},"potentialAction":[{"@type":"SearchAction","target":{"@type":"EntryPoint","urlTemplate":"https:\/\/clubsierradelpinar.es\/?s={search_term_string}"},"query-input":{"@type":"PropertyValueSpecification","valueRequired":true,"valueName":"search_term_string"}}],"inLanguage":"es"},{"@type":"Organization","@id":"https:\/\/clubsierradelpinar.es\/#organization","name":"Club Monta\u00f1ero Sierra del Pinar","url":"https:\/\/clubsierradelpinar.es\/","logo":{"@type":"ImageObject","inLanguage":"es","@id":"https:\/\/clubsierradelpinar.es\/#\/schema\/logo\/image\/","url":"https:\/\/clubsierradelpinar.es\/wp-content\/uploads\/2021\/11\/cropped-logo.png","contentUrl":"https:\/\/clubsierradelpinar.es\/wp-content\/uploads\/2021\/11\/cropped-logo.png","width":512,"height":512,"caption":"Club Monta\u00f1ero Sierra del Pinar"},"image":{"@id":"https:\/\/clubsierradelpinar.es\/#\/schema\/logo\/image\/"},"sameAs":["https:\/\/www.facebook.com\/montaneros.sierradelpinar","https:\/\/x.com\/sierradelpinar","https:\/\/www.instagram.com\/sierradelpinar\/"]},{"@type":"Person","@id":"https:\/\/clubsierradelpinar.es\/#\/schema\/person\/b97c28bad1e5ab53603e57141f123c13","name":"Club Monta\u00f1ero Sierra del Pinar","image":{"@type":"ImageObject","inLanguage":"es","@id":"https:\/\/secure.gravatar.com\/avatar\/662a4c1e48a4d4b2ba7d48f27859771e93c8976e8b986829cb508926aeec8feb?s=96&d=mm&r=g","url":"https:\/\/secure.gravatar.com\/avatar\/662a4c1e48a4d4b2ba7d48f27859771e93c8976e8b986829cb508926aeec8feb?s=96&d=mm&r=g","contentUrl":"https:\/\/secure.gravatar.com\/avatar\/662a4c1e48a4d4b2ba7d48f27859771e93c8976e8b986829cb508926aeec8feb?s=96&d=mm&r=g","caption":"Club Monta\u00f1ero Sierra del Pinar"},"description":"Subiendo monta\u00f1as desde 1971","sameAs":["https:\/\/clubsierradelpinar.es","https:\/\/www.facebook.com\/montaneros.sierradelpinar\/","https:\/\/www.instagram.com\/sierradelpinar\/","https:\/\/x.com\/sierradelpinar","https:\/\/www.youtube.com\/channel\/UCDOkEXLUJjNkLoIrKWYv38w"],"url":"https:\/\/clubsierradelpinar.es\/index.php\/author\/club\/"}]}},"_links":{"self":[{"href":"https:\/\/clubsierradelpinar.es\/index.php\/wp-json\/wp\/v2\/posts\/1855","targetHints":{"allow":["GET"]}}],"collection":[{"href":"https:\/\/clubsierradelpinar.es\/index.php\/wp-json\/wp\/v2\/posts"}],"about":[{"href":"https:\/\/clubsierradelpinar.es\/index.php\/wp-json\/wp\/v2\/types\/post"}],"author":[{"embeddable":true,"href":"https:\/\/clubsierradelpinar.es\/index.php\/wp-json\/wp\/v2\/users\/2"}],"replies":[{"embeddable":true,"href":"https:\/\/clubsierradelpinar.es\/index.php\/wp-json\/wp\/v2\/comments?post=1855"}],"version-history":[{"count":6,"href":"https:\/\/clubsierradelpinar.es\/index.php\/wp-json\/wp\/v2\/posts\/1855\/revisions"}],"predecessor-version":[{"id":1869,"href":"https:\/\/clubsierradelpinar.es\/index.php\/wp-json\/wp\/v2\/posts\/1855\/revisions\/1869"}],"wp:featuredmedia":[{"embeddable":true,"href":"https:\/\/clubsierradelpinar.es\/index.php\/wp-json\/wp\/v2\/media\/1861"}],"wp:attachment":[{"href":"https:\/\/clubsierradelpinar.es\/index.php\/wp-json\/wp\/v2\/media?parent=1855"}],"wp:term":[{"taxonomy":"category","embeddable":true,"href":"https:\/\/clubsierradelpinar.es\/index.php\/wp-json\/wp\/v2\/categories?post=1855"},{"taxonomy":"post_tag","embeddable":true,"href":"https:\/\/clubsierradelpinar.es\/index.php\/wp-json\/wp\/v2\/tags?post=1855"}],"curies":[{"name":"wp","href":"https:\/\/api.w.org\/{rel}","templated":true}]}}