{"id":1685,"date":"2023-04-01T14:20:28","date_gmt":"2023-04-01T12:20:28","guid":{"rendered":"https:\/\/clubsierradelpinar.es\/?p=1685"},"modified":"2023-04-01T14:23:19","modified_gmt":"2023-04-01T12:23:19","slug":"viaja-con-nuestra-biblioteca","status":"publish","type":"post","link":"https:\/\/clubsierradelpinar.es\/index.php\/2023\/04\/01\/viaja-con-nuestra-biblioteca\/","title":{"rendered":"Viaja con nuestra biblioteca"},"content":{"rendered":"\n<p>Ya est\u00e1 aqu\u00ed la primavera, queda menos para las vacaciones y, tomando prestado a un colega, es un buen momento para planificarlas.<\/p>\n\n\n\n<p>Nuestra <a href=\"https:\/\/clubsierradelpinar.es\/index.php\/category\/biblioteca\/\" target=\"_blank\" rel=\"noreferrer noopener\">biblioteca<\/a> dispone de una completa secci\u00f3n de gu\u00edas sobre destinos monta\u00f1eros, de los cuales os presentamos cuatro para que pod\u00e1is elegir aquel lugar que m\u00e1s os atraiga.<\/p>\n\n\n\n<p>Empezamos por <strong>50 monta\u00f1as de los Picos de Europa<\/strong>, de David Atela y editada por Desnivel, detallada y con enlaces entre distintas rutas. El grado de dificultad va desde simples paseos a elegantes crester\u00edas, o sea, para todos los gustos.<\/p>\n\n\n<div class=\"wp-block-image\">\n<figure class=\"aligncenter size-full\"><img loading=\"lazy\" decoding=\"async\" width=\"300\" height=\"518\" src=\"https:\/\/clubsierradelpinar.es\/wp-content\/uploads\/2023\/04\/50montanas-picos.jpg\" alt=\"Viaja con nuestra biblioteca\" class=\"wp-image-1689\" srcset=\"https:\/\/clubsierradelpinar.es\/wp-content\/uploads\/2023\/04\/50montanas-picos.jpg 300w, https:\/\/clubsierradelpinar.es\/wp-content\/uploads\/2023\/04\/50montanas-picos-174x300.jpg 174w\" sizes=\"auto, (max-width: 300px) 100vw, 300px\" \/><\/figure>\n<\/div>\n\n\n<div style=\"height:28px\" aria-hidden=\"true\" class=\"wp-block-spacer\"><\/div>\n\n\n\n<p>Ahora viajaremos hasta el Pirineo aragon\u00e9s; para ello hemos elegido <strong>100 cumbres del Pirineo Aragon\u00e9s<\/strong>, igualmente de David Atela pero editado por SUA Edizioak ya para aquellos monta\u00f1eros y escaladores m\u00e1s decididos a buscar rutas menos conocidas, repleto de detalles e indicaciones.<\/p>\n\n\n<div class=\"wp-block-image\">\n<figure class=\"aligncenter size-full\"><img loading=\"lazy\" decoding=\"async\" width=\"300\" height=\"469\" src=\"https:\/\/clubsierradelpinar.es\/wp-content\/uploads\/2023\/04\/100cumbres-pirineo.jpg\" alt=\"Viaja con nuestra biblioteca\" class=\"wp-image-1688\" srcset=\"https:\/\/clubsierradelpinar.es\/wp-content\/uploads\/2023\/04\/100cumbres-pirineo.jpg 300w, https:\/\/clubsierradelpinar.es\/wp-content\/uploads\/2023\/04\/100cumbres-pirineo-192x300.jpg 192w\" sizes=\"auto, (max-width: 300px) 100vw, 300px\" \/><\/figure>\n<\/div>\n\n\n<div style=\"height:28px\" aria-hidden=\"true\" class=\"wp-block-spacer\"><\/div>\n\n\n\n<p>Para los que Espa\u00f1a se les quede peque\u00f1a tambi\u00e9n os traemos un cl\u00e1sico <strong>Rutas y paseos por Mont Blanc<\/strong>, de Alain Adrion, conteniendo desde la ascensi\u00f3n al techo de los Alpes, el Mont Blanc, as\u00ed como el m\u00edtico tour adem\u00e1s de otras excursiones.<\/p>\n\n\n<div class=\"wp-block-image\">\n<figure class=\"aligncenter size-full\"><img loading=\"lazy\" decoding=\"async\" width=\"400\" height=\"534\" src=\"https:\/\/clubsierradelpinar.es\/wp-content\/uploads\/2023\/04\/rutas-paseos-mont-blanc-1.jpeg\" alt=\"Viaja con nuestra biblioteca\" class=\"wp-image-1690\" srcset=\"https:\/\/clubsierradelpinar.es\/wp-content\/uploads\/2023\/04\/rutas-paseos-mont-blanc-1.jpeg 400w, https:\/\/clubsierradelpinar.es\/wp-content\/uploads\/2023\/04\/rutas-paseos-mont-blanc-1-225x300.jpeg 225w\" sizes=\"auto, (max-width: 400px) 100vw, 400px\" \/><\/figure>\n<\/div>\n\n\n<div style=\"height:28px\" aria-hidden=\"true\" class=\"wp-block-spacer\"><\/div>\n\n\n\n<p>Si sois m\u00e1s amantes de lugares remotos os aconsejamos <strong>Per\u00fa<\/strong>, de David Taur\u00e1 Riera y Ediciones Desnivel, una completa gu\u00eda con quince <em>trekkings<\/em> y cuarenta y cinco ascensiones que nos llevar\u00e1 desde el ca\u00f1\u00f3n del Colca hasta el mismo nacimiento del Amazonas en la cordillera de Arequipa, sin olvidarnos de la impresionante cordillera del Huayhuash.<\/p>\n\n\n<div class=\"wp-block-image\">\n<figure class=\"aligncenter size-full\"><img loading=\"lazy\" decoding=\"async\" width=\"300\" height=\"413\" src=\"https:\/\/clubsierradelpinar.es\/wp-content\/uploads\/2023\/04\/peru-15-trekkings.jpeg\" alt=\"Viaja con nuestra biblioteca\" class=\"wp-image-1687\" srcset=\"https:\/\/clubsierradelpinar.es\/wp-content\/uploads\/2023\/04\/peru-15-trekkings.jpeg 300w, https:\/\/clubsierradelpinar.es\/wp-content\/uploads\/2023\/04\/peru-15-trekkings-218x300.jpeg 218w\" sizes=\"auto, (max-width: 300px) 100vw, 300px\" \/><\/figure>\n<\/div>\n\n\n<div style=\"height:28px\" aria-hidden=\"true\" class=\"wp-block-spacer\"><\/div>\n\n\n\n<p>Esperamos que os gusten, las ten\u00e9is todas disponibles en nuestra biblioteca.<\/p>\n\n\n\n<p class=\"has-text-align-right\">Jos\u00e9 A. R\u00edos Pan<\/p>\n","protected":false},"excerpt":{"rendered":"<p>est\u00e1 aqu\u00ed la primavera, queda menos para las vacaciones y, tomando prestado a un colega, es un buen momento para planificarlas.<\/p>\n<p>Nuestra biblioteca dispone de una completa secci\u00f3n de gu\u00edas sobre destinos monta\u00f1eros, de los cuales os presentamos cuatro para que pod\u00e1is elegir aquel lugar que m\u00e1s os atraiga.<\/p>\n","protected":false},"author":2,"featured_media":1632,"comment_status":"open","ping_status":"open","sticky":false,"template":"","format":"standard","meta":{"footnotes":""},"categories":[77],"tags":[136],"class_list":["post-1685","post","type-post","status-publish","format-standard","has-post-thumbnail","hentry","category-biblioteca","tag-viajes"],"yoast_head":"<!-- This site is optimized with the Yoast SEO plugin v27.3 - https:\/\/yoast.com\/product\/yoast-seo-wordpress\/ -->\n<title>Viaja con nuestra biblioteca - Club Monta&ntilde;ero Sierra del Pinar<\/title>\n<meta name=\"description\" content=\"Nuestra biblioteca dispone de una completa secci\u00f3n de gu\u00edas sobre destinos monta\u00f1eros, de los cuales os presentamos cuatro para que pod\u00e1is elegir aquel lugar que m\u00e1s os atraiga.\" \/>\n<meta name=\"robots\" content=\"index, follow, max-snippet:-1, max-image-preview:large, max-video-preview:-1\" \/>\n<link rel=\"canonical\" href=\"https:\/\/clubsierradelpinar.es\/index.php\/2023\/04\/01\/viaja-con-nuestra-biblioteca\/\" \/>\n<meta property=\"og:locale\" content=\"es_ES\" \/>\n<meta property=\"og:type\" content=\"article\" \/>\n<meta property=\"og:title\" content=\"Viaja con nuestra biblioteca\" \/>\n<meta property=\"og:description\" content=\"Ya est\u00e1 aqu\u00ed la primavera, queda menos para las vacaciones y, tomando prestado a un colega, es un buen momento para planificarlas. Nuestra biblioteca dispone de una completa secci\u00f3n de gu\u00edas sobre destinos monta\u00f1eros, de los cuales os presentamos cuatro para que pod\u00e1is elegir aquel lugar que m\u00e1s os atraiga.\" \/>\n<meta property=\"og:url\" content=\"https:\/\/clubsierradelpinar.es\/index.php\/2023\/04\/01\/viaja-con-nuestra-biblioteca\/\" \/>\n<meta property=\"og:site_name\" content=\"Club Monta&ntilde;ero Sierra del Pinar\" \/>\n<meta property=\"article:publisher\" content=\"https:\/\/www.facebook.com\/montaneros.sierradelpinar\" \/>\n<meta property=\"article:author\" content=\"https:\/\/www.facebook.com\/montaneros.sierradelpinar\/\" \/>\n<meta property=\"article:published_time\" content=\"2023-04-01T12:20:28+00:00\" \/>\n<meta property=\"article:modified_time\" content=\"2023-04-01T12:23:19+00:00\" \/>\n<meta property=\"og:image\" content=\"https:\/\/clubsierradelpinar.es\/wp-content\/uploads\/2023\/03\/Libros.jpg\" \/>\n\t<meta property=\"og:image:width\" content=\"1280\" \/>\n\t<meta property=\"og:image:height\" content=\"574\" \/>\n\t<meta property=\"og:image:type\" content=\"image\/jpeg\" \/>\n<meta name=\"author\" content=\"Club Monta\u00f1ero Sierra del Pinar\" \/>\n<meta name=\"twitter:card\" content=\"summary_large_image\" \/>\n<meta name=\"twitter:title\" content=\"Viaja con nuestra biblioteca\" \/>\n<meta name=\"twitter:description\" content=\"Ya est\u00e1 aqu\u00ed la primavera, queda menos para las vacaciones y, tomando prestado a un colega, es un buen momento para planificarlas. Nuestra biblioteca dispone de una completa secci\u00f3n de gu\u00edas sobre destinos monta\u00f1eros, de los cuales os presentamos cuatro para que pod\u00e1is elegir aquel lugar que m\u00e1s os atraiga.\" \/>\n<meta name=\"twitter:image\" content=\"https:\/\/clubsierradelpinar.es\/wp-content\/uploads\/2023\/03\/Libros.jpg\" \/>\n<meta name=\"twitter:creator\" content=\"@sierradelpinar\" \/>\n<meta name=\"twitter:site\" content=\"@sierradelpinar\" \/>\n<meta name=\"twitter:label1\" content=\"Escrito por\" \/>\n\t<meta name=\"twitter:data1\" content=\"Club Monta\u00f1ero Sierra del Pinar\" \/>\n\t<meta name=\"twitter:label2\" content=\"Tiempo de lectura\" \/>\n\t<meta name=\"twitter:data2\" content=\"2 minutos\" \/>\n<script type=\"application\/ld+json\" class=\"yoast-schema-graph\">{\"@context\":\"https:\\\/\\\/schema.org\",\"@graph\":[{\"@type\":\"Article\",\"@id\":\"https:\\\/\\\/clubsierradelpinar.es\\\/index.php\\\/2023\\\/04\\\/01\\\/viaja-con-nuestra-biblioteca\\\/#article\",\"isPartOf\":{\"@id\":\"https:\\\/\\\/clubsierradelpinar.es\\\/index.php\\\/2023\\\/04\\\/01\\\/viaja-con-nuestra-biblioteca\\\/\"},\"author\":{\"name\":\"Club Monta\u00f1ero Sierra del Pinar\",\"@id\":\"https:\\\/\\\/clubsierradelpinar.es\\\/#\\\/schema\\\/person\\\/b97c28bad1e5ab53603e57141f123c13\"},\"headline\":\"Viaja con nuestra biblioteca\",\"datePublished\":\"2023-04-01T12:20:28+00:00\",\"dateModified\":\"2023-04-01T12:23:19+00:00\",\"mainEntityOfPage\":{\"@id\":\"https:\\\/\\\/clubsierradelpinar.es\\\/index.php\\\/2023\\\/04\\\/01\\\/viaja-con-nuestra-biblioteca\\\/\"},\"wordCount\":270,\"commentCount\":0,\"publisher\":{\"@id\":\"https:\\\/\\\/clubsierradelpinar.es\\\/#organization\"},\"image\":{\"@id\":\"https:\\\/\\\/clubsierradelpinar.es\\\/index.php\\\/2023\\\/04\\\/01\\\/viaja-con-nuestra-biblioteca\\\/#primaryimage\"},\"thumbnailUrl\":\"https:\\\/\\\/clubsierradelpinar.es\\\/wp-content\\\/uploads\\\/2023\\\/03\\\/Libros.jpg\",\"keywords\":[\"Viajes\"],\"articleSection\":[\"Biblioteca\"],\"inLanguage\":\"es\",\"potentialAction\":[{\"@type\":\"CommentAction\",\"name\":\"Comment\",\"target\":[\"https:\\\/\\\/clubsierradelpinar.es\\\/index.php\\\/2023\\\/04\\\/01\\\/viaja-con-nuestra-biblioteca\\\/#respond\"]}]},{\"@type\":\"WebPage\",\"@id\":\"https:\\\/\\\/clubsierradelpinar.es\\\/index.php\\\/2023\\\/04\\\/01\\\/viaja-con-nuestra-biblioteca\\\/\",\"url\":\"https:\\\/\\\/clubsierradelpinar.es\\\/index.php\\\/2023\\\/04\\\/01\\\/viaja-con-nuestra-biblioteca\\\/\",\"name\":\"Viaja con nuestra biblioteca - Club Monta&ntilde;ero Sierra del Pinar\",\"isPartOf\":{\"@id\":\"https:\\\/\\\/clubsierradelpinar.es\\\/#website\"},\"primaryImageOfPage\":{\"@id\":\"https:\\\/\\\/clubsierradelpinar.es\\\/index.php\\\/2023\\\/04\\\/01\\\/viaja-con-nuestra-biblioteca\\\/#primaryimage\"},\"image\":{\"@id\":\"https:\\\/\\\/clubsierradelpinar.es\\\/index.php\\\/2023\\\/04\\\/01\\\/viaja-con-nuestra-biblioteca\\\/#primaryimage\"},\"thumbnailUrl\":\"https:\\\/\\\/clubsierradelpinar.es\\\/wp-content\\\/uploads\\\/2023\\\/03\\\/Libros.jpg\",\"datePublished\":\"2023-04-01T12:20:28+00:00\",\"dateModified\":\"2023-04-01T12:23:19+00:00\",\"description\":\"Nuestra biblioteca dispone de una completa secci\u00f3n de gu\u00edas sobre destinos monta\u00f1eros, de los cuales os presentamos cuatro para que pod\u00e1is elegir aquel lugar que m\u00e1s os atraiga.\",\"breadcrumb\":{\"@id\":\"https:\\\/\\\/clubsierradelpinar.es\\\/index.php\\\/2023\\\/04\\\/01\\\/viaja-con-nuestra-biblioteca\\\/#breadcrumb\"},\"inLanguage\":\"es\",\"potentialAction\":[{\"@type\":\"ReadAction\",\"target\":[\"https:\\\/\\\/clubsierradelpinar.es\\\/index.php\\\/2023\\\/04\\\/01\\\/viaja-con-nuestra-biblioteca\\\/\"]}]},{\"@type\":\"ImageObject\",\"inLanguage\":\"es\",\"@id\":\"https:\\\/\\\/clubsierradelpinar.es\\\/index.php\\\/2023\\\/04\\\/01\\\/viaja-con-nuestra-biblioteca\\\/#primaryimage\",\"url\":\"https:\\\/\\\/clubsierradelpinar.es\\\/wp-content\\\/uploads\\\/2023\\\/03\\\/Libros.jpg\",\"contentUrl\":\"https:\\\/\\\/clubsierradelpinar.es\\\/wp-content\\\/uploads\\\/2023\\\/03\\\/Libros.jpg\",\"width\":1280,\"height\":574},{\"@type\":\"BreadcrumbList\",\"@id\":\"https:\\\/\\\/clubsierradelpinar.es\\\/index.php\\\/2023\\\/04\\\/01\\\/viaja-con-nuestra-biblioteca\\\/#breadcrumb\",\"itemListElement\":[{\"@type\":\"ListItem\",\"position\":1,\"name\":\"Portada\",\"item\":\"https:\\\/\\\/clubsierradelpinar.es\\\/\"},{\"@type\":\"ListItem\",\"position\":2,\"name\":\"Viaja con nuestra biblioteca\"}]},{\"@type\":\"WebSite\",\"@id\":\"https:\\\/\\\/clubsierradelpinar.es\\\/#website\",\"url\":\"https:\\\/\\\/clubsierradelpinar.es\\\/\",\"name\":\"Club Monta&ntilde;ero Sierra del Pinar\",\"description\":\"Subiendo monta&ntilde;as desde 1971\",\"publisher\":{\"@id\":\"https:\\\/\\\/clubsierradelpinar.es\\\/#organization\"},\"potentialAction\":[{\"@type\":\"SearchAction\",\"target\":{\"@type\":\"EntryPoint\",\"urlTemplate\":\"https:\\\/\\\/clubsierradelpinar.es\\\/?s={search_term_string}\"},\"query-input\":{\"@type\":\"PropertyValueSpecification\",\"valueRequired\":true,\"valueName\":\"search_term_string\"}}],\"inLanguage\":\"es\"},{\"@type\":\"Organization\",\"@id\":\"https:\\\/\\\/clubsierradelpinar.es\\\/#organization\",\"name\":\"Club Monta\u00f1ero Sierra del Pinar\",\"url\":\"https:\\\/\\\/clubsierradelpinar.es\\\/\",\"logo\":{\"@type\":\"ImageObject\",\"inLanguage\":\"es\",\"@id\":\"https:\\\/\\\/clubsierradelpinar.es\\\/#\\\/schema\\\/logo\\\/image\\\/\",\"url\":\"https:\\\/\\\/clubsierradelpinar.es\\\/wp-content\\\/uploads\\\/2021\\\/11\\\/cropped-logo.png\",\"contentUrl\":\"https:\\\/\\\/clubsierradelpinar.es\\\/wp-content\\\/uploads\\\/2021\\\/11\\\/cropped-logo.png\",\"width\":512,\"height\":512,\"caption\":\"Club Monta\u00f1ero Sierra del Pinar\"},\"image\":{\"@id\":\"https:\\\/\\\/clubsierradelpinar.es\\\/#\\\/schema\\\/logo\\\/image\\\/\"},\"sameAs\":[\"https:\\\/\\\/www.facebook.com\\\/montaneros.sierradelpinar\",\"https:\\\/\\\/x.com\\\/sierradelpinar\",\"https:\\\/\\\/www.instagram.com\\\/sierradelpinar\\\/\"]},{\"@type\":\"Person\",\"@id\":\"https:\\\/\\\/clubsierradelpinar.es\\\/#\\\/schema\\\/person\\\/b97c28bad1e5ab53603e57141f123c13\",\"name\":\"Club Monta\u00f1ero Sierra del Pinar\",\"image\":{\"@type\":\"ImageObject\",\"inLanguage\":\"es\",\"@id\":\"https:\\\/\\\/secure.gravatar.com\\\/avatar\\\/662a4c1e48a4d4b2ba7d48f27859771e93c8976e8b986829cb508926aeec8feb?s=96&d=mm&r=g\",\"url\":\"https:\\\/\\\/secure.gravatar.com\\\/avatar\\\/662a4c1e48a4d4b2ba7d48f27859771e93c8976e8b986829cb508926aeec8feb?s=96&d=mm&r=g\",\"contentUrl\":\"https:\\\/\\\/secure.gravatar.com\\\/avatar\\\/662a4c1e48a4d4b2ba7d48f27859771e93c8976e8b986829cb508926aeec8feb?s=96&d=mm&r=g\",\"caption\":\"Club Monta\u00f1ero Sierra del Pinar\"},\"description\":\"Subiendo monta\u00f1as desde 1971\",\"sameAs\":[\"https:\\\/\\\/clubsierradelpinar.es\",\"https:\\\/\\\/www.facebook.com\\\/montaneros.sierradelpinar\\\/\",\"https:\\\/\\\/www.instagram.com\\\/sierradelpinar\\\/\",\"https:\\\/\\\/x.com\\\/sierradelpinar\",\"https:\\\/\\\/www.youtube.com\\\/channel\\\/UCDOkEXLUJjNkLoIrKWYv38w\"],\"url\":\"https:\\\/\\\/clubsierradelpinar.es\\\/index.php\\\/author\\\/club\\\/\"}]}<\/script>\n<!-- \/ Yoast SEO plugin. -->","yoast_head_json":{"title":"Viaja con nuestra biblioteca - Club Monta&ntilde;ero Sierra del Pinar","description":"Nuestra biblioteca dispone de una completa secci\u00f3n de gu\u00edas sobre destinos monta\u00f1eros, de los cuales os presentamos cuatro para que pod\u00e1is elegir aquel lugar que m\u00e1s os atraiga.","robots":{"index":"index","follow":"follow","max-snippet":"max-snippet:-1","max-image-preview":"max-image-preview:large","max-video-preview":"max-video-preview:-1"},"canonical":"https:\/\/clubsierradelpinar.es\/index.php\/2023\/04\/01\/viaja-con-nuestra-biblioteca\/","og_locale":"es_ES","og_type":"article","og_title":"Viaja con nuestra biblioteca","og_description":"Ya est\u00e1 aqu\u00ed la primavera, queda menos para las vacaciones y, tomando prestado a un colega, es un buen momento para planificarlas. Nuestra biblioteca dispone de una completa secci\u00f3n de gu\u00edas sobre destinos monta\u00f1eros, de los cuales os presentamos cuatro para que pod\u00e1is elegir aquel lugar que m\u00e1s os atraiga.","og_url":"https:\/\/clubsierradelpinar.es\/index.php\/2023\/04\/01\/viaja-con-nuestra-biblioteca\/","og_site_name":"Club Monta&ntilde;ero Sierra del Pinar","article_publisher":"https:\/\/www.facebook.com\/montaneros.sierradelpinar","article_author":"https:\/\/www.facebook.com\/montaneros.sierradelpinar\/","article_published_time":"2023-04-01T12:20:28+00:00","article_modified_time":"2023-04-01T12:23:19+00:00","og_image":[{"width":1280,"height":574,"url":"https:\/\/clubsierradelpinar.es\/wp-content\/uploads\/2023\/03\/Libros.jpg","type":"image\/jpeg"}],"author":"Club Monta\u00f1ero Sierra del Pinar","twitter_card":"summary_large_image","twitter_title":"Viaja con nuestra biblioteca","twitter_description":"Ya est\u00e1 aqu\u00ed la primavera, queda menos para las vacaciones y, tomando prestado a un colega, es un buen momento para planificarlas. Nuestra biblioteca dispone de una completa secci\u00f3n de gu\u00edas sobre destinos monta\u00f1eros, de los cuales os presentamos cuatro para que pod\u00e1is elegir aquel lugar que m\u00e1s os atraiga.","twitter_image":"https:\/\/clubsierradelpinar.es\/wp-content\/uploads\/2023\/03\/Libros.jpg","twitter_creator":"@sierradelpinar","twitter_site":"@sierradelpinar","twitter_misc":{"Escrito por":"Club Monta\u00f1ero Sierra del Pinar","Tiempo de lectura":"2 minutos"},"schema":{"@context":"https:\/\/schema.org","@graph":[{"@type":"Article","@id":"https:\/\/clubsierradelpinar.es\/index.php\/2023\/04\/01\/viaja-con-nuestra-biblioteca\/#article","isPartOf":{"@id":"https:\/\/clubsierradelpinar.es\/index.php\/2023\/04\/01\/viaja-con-nuestra-biblioteca\/"},"author":{"name":"Club Monta\u00f1ero Sierra del Pinar","@id":"https:\/\/clubsierradelpinar.es\/#\/schema\/person\/b97c28bad1e5ab53603e57141f123c13"},"headline":"Viaja con nuestra biblioteca","datePublished":"2023-04-01T12:20:28+00:00","dateModified":"2023-04-01T12:23:19+00:00","mainEntityOfPage":{"@id":"https:\/\/clubsierradelpinar.es\/index.php\/2023\/04\/01\/viaja-con-nuestra-biblioteca\/"},"wordCount":270,"commentCount":0,"publisher":{"@id":"https:\/\/clubsierradelpinar.es\/#organization"},"image":{"@id":"https:\/\/clubsierradelpinar.es\/index.php\/2023\/04\/01\/viaja-con-nuestra-biblioteca\/#primaryimage"},"thumbnailUrl":"https:\/\/clubsierradelpinar.es\/wp-content\/uploads\/2023\/03\/Libros.jpg","keywords":["Viajes"],"articleSection":["Biblioteca"],"inLanguage":"es","potentialAction":[{"@type":"CommentAction","name":"Comment","target":["https:\/\/clubsierradelpinar.es\/index.php\/2023\/04\/01\/viaja-con-nuestra-biblioteca\/#respond"]}]},{"@type":"WebPage","@id":"https:\/\/clubsierradelpinar.es\/index.php\/2023\/04\/01\/viaja-con-nuestra-biblioteca\/","url":"https:\/\/clubsierradelpinar.es\/index.php\/2023\/04\/01\/viaja-con-nuestra-biblioteca\/","name":"Viaja con nuestra biblioteca - Club Monta&ntilde;ero Sierra del Pinar","isPartOf":{"@id":"https:\/\/clubsierradelpinar.es\/#website"},"primaryImageOfPage":{"@id":"https:\/\/clubsierradelpinar.es\/index.php\/2023\/04\/01\/viaja-con-nuestra-biblioteca\/#primaryimage"},"image":{"@id":"https:\/\/clubsierradelpinar.es\/index.php\/2023\/04\/01\/viaja-con-nuestra-biblioteca\/#primaryimage"},"thumbnailUrl":"https:\/\/clubsierradelpinar.es\/wp-content\/uploads\/2023\/03\/Libros.jpg","datePublished":"2023-04-01T12:20:28+00:00","dateModified":"2023-04-01T12:23:19+00:00","description":"Nuestra biblioteca dispone de una completa secci\u00f3n de gu\u00edas sobre destinos monta\u00f1eros, de los cuales os presentamos cuatro para que pod\u00e1is elegir aquel lugar que m\u00e1s os atraiga.","breadcrumb":{"@id":"https:\/\/clubsierradelpinar.es\/index.php\/2023\/04\/01\/viaja-con-nuestra-biblioteca\/#breadcrumb"},"inLanguage":"es","potentialAction":[{"@type":"ReadAction","target":["https:\/\/clubsierradelpinar.es\/index.php\/2023\/04\/01\/viaja-con-nuestra-biblioteca\/"]}]},{"@type":"ImageObject","inLanguage":"es","@id":"https:\/\/clubsierradelpinar.es\/index.php\/2023\/04\/01\/viaja-con-nuestra-biblioteca\/#primaryimage","url":"https:\/\/clubsierradelpinar.es\/wp-content\/uploads\/2023\/03\/Libros.jpg","contentUrl":"https:\/\/clubsierradelpinar.es\/wp-content\/uploads\/2023\/03\/Libros.jpg","width":1280,"height":574},{"@type":"BreadcrumbList","@id":"https:\/\/clubsierradelpinar.es\/index.php\/2023\/04\/01\/viaja-con-nuestra-biblioteca\/#breadcrumb","itemListElement":[{"@type":"ListItem","position":1,"name":"Portada","item":"https:\/\/clubsierradelpinar.es\/"},{"@type":"ListItem","position":2,"name":"Viaja con nuestra biblioteca"}]},{"@type":"WebSite","@id":"https:\/\/clubsierradelpinar.es\/#website","url":"https:\/\/clubsierradelpinar.es\/","name":"Club Monta&ntilde;ero Sierra del Pinar","description":"Subiendo monta&ntilde;as desde 1971","publisher":{"@id":"https:\/\/clubsierradelpinar.es\/#organization"},"potentialAction":[{"@type":"SearchAction","target":{"@type":"EntryPoint","urlTemplate":"https:\/\/clubsierradelpinar.es\/?s={search_term_string}"},"query-input":{"@type":"PropertyValueSpecification","valueRequired":true,"valueName":"search_term_string"}}],"inLanguage":"es"},{"@type":"Organization","@id":"https:\/\/clubsierradelpinar.es\/#organization","name":"Club Monta\u00f1ero Sierra del Pinar","url":"https:\/\/clubsierradelpinar.es\/","logo":{"@type":"ImageObject","inLanguage":"es","@id":"https:\/\/clubsierradelpinar.es\/#\/schema\/logo\/image\/","url":"https:\/\/clubsierradelpinar.es\/wp-content\/uploads\/2021\/11\/cropped-logo.png","contentUrl":"https:\/\/clubsierradelpinar.es\/wp-content\/uploads\/2021\/11\/cropped-logo.png","width":512,"height":512,"caption":"Club Monta\u00f1ero Sierra del Pinar"},"image":{"@id":"https:\/\/clubsierradelpinar.es\/#\/schema\/logo\/image\/"},"sameAs":["https:\/\/www.facebook.com\/montaneros.sierradelpinar","https:\/\/x.com\/sierradelpinar","https:\/\/www.instagram.com\/sierradelpinar\/"]},{"@type":"Person","@id":"https:\/\/clubsierradelpinar.es\/#\/schema\/person\/b97c28bad1e5ab53603e57141f123c13","name":"Club Monta\u00f1ero Sierra del Pinar","image":{"@type":"ImageObject","inLanguage":"es","@id":"https:\/\/secure.gravatar.com\/avatar\/662a4c1e48a4d4b2ba7d48f27859771e93c8976e8b986829cb508926aeec8feb?s=96&d=mm&r=g","url":"https:\/\/secure.gravatar.com\/avatar\/662a4c1e48a4d4b2ba7d48f27859771e93c8976e8b986829cb508926aeec8feb?s=96&d=mm&r=g","contentUrl":"https:\/\/secure.gravatar.com\/avatar\/662a4c1e48a4d4b2ba7d48f27859771e93c8976e8b986829cb508926aeec8feb?s=96&d=mm&r=g","caption":"Club Monta\u00f1ero Sierra del Pinar"},"description":"Subiendo monta\u00f1as desde 1971","sameAs":["https:\/\/clubsierradelpinar.es","https:\/\/www.facebook.com\/montaneros.sierradelpinar\/","https:\/\/www.instagram.com\/sierradelpinar\/","https:\/\/x.com\/sierradelpinar","https:\/\/www.youtube.com\/channel\/UCDOkEXLUJjNkLoIrKWYv38w"],"url":"https:\/\/clubsierradelpinar.es\/index.php\/author\/club\/"}]}},"_links":{"self":[{"href":"https:\/\/clubsierradelpinar.es\/index.php\/wp-json\/wp\/v2\/posts\/1685","targetHints":{"allow":["GET"]}}],"collection":[{"href":"https:\/\/clubsierradelpinar.es\/index.php\/wp-json\/wp\/v2\/posts"}],"about":[{"href":"https:\/\/clubsierradelpinar.es\/index.php\/wp-json\/wp\/v2\/types\/post"}],"author":[{"embeddable":true,"href":"https:\/\/clubsierradelpinar.es\/index.php\/wp-json\/wp\/v2\/users\/2"}],"replies":[{"embeddable":true,"href":"https:\/\/clubsierradelpinar.es\/index.php\/wp-json\/wp\/v2\/comments?post=1685"}],"version-history":[{"count":3,"href":"https:\/\/clubsierradelpinar.es\/index.php\/wp-json\/wp\/v2\/posts\/1685\/revisions"}],"predecessor-version":[{"id":1693,"href":"https:\/\/clubsierradelpinar.es\/index.php\/wp-json\/wp\/v2\/posts\/1685\/revisions\/1693"}],"wp:featuredmedia":[{"embeddable":true,"href":"https:\/\/clubsierradelpinar.es\/index.php\/wp-json\/wp\/v2\/media\/1632"}],"wp:attachment":[{"href":"https:\/\/clubsierradelpinar.es\/index.php\/wp-json\/wp\/v2\/media?parent=1685"}],"wp:term":[{"taxonomy":"category","embeddable":true,"href":"https:\/\/clubsierradelpinar.es\/index.php\/wp-json\/wp\/v2\/categories?post=1685"},{"taxonomy":"post_tag","embeddable":true,"href":"https:\/\/clubsierradelpinar.es\/index.php\/wp-json\/wp\/v2\/tags?post=1685"}],"curies":[{"name":"wp","href":"https:\/\/api.w.org\/{rel}","templated":true}]}}